{"id":1273,"date":"2022-05-22T18:03:46","date_gmt":"2022-05-22T16:03:46","guid":{"rendered":"https:\/\/lepestacledemaelou.com\/blog\/?p=1273"},"modified":"2022-05-25T11:38:02","modified_gmt":"2022-05-25T09:38:02","slug":"nobodinoz-lance-une-nouvelle-collection-lin-francais","status":"publish","type":"post","link":"https:\/\/lepestacledemaelou.com\/blog\/nobodinoz-lance-une-nouvelle-collection-lin-francais\/","title":{"rendered":"Nobodinoz lance une nouvelle collection : Lin Fran\u00e7ais"},"content":{"rendered":"<p>Nobodinoz continue de proposer des produits fabriqu\u00e9s avec des mati\u00e8res premi\u00e8res durables. La marque espagnole a relev\u00e9 un nouveau d\u00e9fi en choisissant le lin pour sa nouvelle collection de linge : Lin Fran\u00e7ais.<\/p>\n<p>La collection Lin fran\u00e7ais est enti\u00e8rement fabriqu\u00e9e selon un circuit court : le lin est cultiv\u00e9 en France puis transform\u00e9 \u00e0 Barcelone o\u00f9 la marque confectionne ses produits dans ses propres ateliers.<\/p>\n<p><img decoding=\"async\" loading=\"lazy\" class=\"alignnone wp-image-1275 aligncenter\" src=\"https:\/\/lepestacledemaelou.com\/blog\/wp-content\/uploads\/2022\/05\/Proteges-carnet-de-sante_Lin-Francais-300x200.jpg\" alt=\"\" width=\"500\" height=\"333\" srcset=\"https:\/\/lepestacledemaelou.com\/blog\/wp-content\/uploads\/2022\/05\/Proteges-carnet-de-sante_Lin-Francais-300x200.jpg 300w, https:\/\/lepestacledemaelou.com\/blog\/wp-content\/uploads\/2022\/05\/Proteges-carnet-de-sante_Lin-Francais-1024x683.jpg 1024w, https:\/\/lepestacledemaelou.com\/blog\/wp-content\/uploads\/2022\/05\/Proteges-carnet-de-sante_Lin-Francais-768x512.jpg 768w, https:\/\/lepestacledemaelou.com\/blog\/wp-content\/uploads\/2022\/05\/Proteges-carnet-de-sante_Lin-Francais.jpg 1368w\" sizes=\"(max-width: 500px) 100vw, 500px\" \/><\/p>\n<p>Si le lin \u00e9tait jusque l\u00e0 pl\u00e9biscit\u00e9 dans la mode adulte et le linge de maison, Nobodinoz l&rsquo;a travaill\u00e9 pour en faire un tissu doux et soyeux, parfait pour \u00eatre en contact avec la peau des b\u00e9b\u00e9s et r\u00e9sistant \u00e0 un usage intensif. En \u00e9t\u00e9, le lin apporte de la fra\u00eecheur gr\u00e2ce \u00e0 sa grande capacit\u00e9 d&rsquo;absorption d&rsquo;humidit\u00e9. En hiver, le tissu reste agr\u00e9able car le lin est une fibre creuse qui enferme l&rsquo;air et donc un isolant naturel.<\/p>\n<p><img decoding=\"async\" loading=\"lazy\" class=\"wp-image-1279 aligncenter\" src=\"https:\/\/lepestacledemaelou.com\/blog\/wp-content\/uploads\/2022\/05\/test-6-Banners-lin-franc_ais_2-300x159.jpg\" alt=\"\" width=\"500\" height=\"265\" srcset=\"https:\/\/lepestacledemaelou.com\/blog\/wp-content\/uploads\/2022\/05\/test-6-Banners-lin-franc_ais_2-300x159.jpg 300w, https:\/\/lepestacledemaelou.com\/blog\/wp-content\/uploads\/2022\/05\/test-6-Banners-lin-franc_ais_2-1024x542.jpg 1024w, https:\/\/lepestacledemaelou.com\/blog\/wp-content\/uploads\/2022\/05\/test-6-Banners-lin-franc_ais_2-768x407.jpg 768w, https:\/\/lepestacledemaelou.com\/blog\/wp-content\/uploads\/2022\/05\/test-6-Banners-lin-franc_ais_2-1536x813.jpg 1536w, https:\/\/lepestacledemaelou.com\/blog\/wp-content\/uploads\/2022\/05\/test-6-Banners-lin-franc_ais_2.jpg 2000w\" sizes=\"(max-width: 500px) 100vw, 500px\" \/><\/p>\n<p>A noter que tous les rembourrages utilis\u00e9s dans la collection proviennent exclusivement de fibres naturelles ou recycl\u00e9es.<\/p>\n<p><img decoding=\"async\" loading=\"lazy\" class=\"alignnone wp-image-1278 aligncenter\" src=\"https:\/\/lepestacledemaelou.com\/blog\/wp-content\/uploads\/2022\/05\/test-5-Banners-lin-franc_ais_1-300x162.jpg\" alt=\"\" width=\"465\" height=\"251\" srcset=\"https:\/\/lepestacledemaelou.com\/blog\/wp-content\/uploads\/2022\/05\/test-5-Banners-lin-franc_ais_1-300x162.jpg 300w, https:\/\/lepestacledemaelou.com\/blog\/wp-content\/uploads\/2022\/05\/test-5-Banners-lin-franc_ais_1-1024x552.jpg 1024w, https:\/\/lepestacledemaelou.com\/blog\/wp-content\/uploads\/2022\/05\/test-5-Banners-lin-franc_ais_1-768x414.jpg 768w, https:\/\/lepestacledemaelou.com\/blog\/wp-content\/uploads\/2022\/05\/test-5-Banners-lin-franc_ais_1-1536x828.jpg 1536w, https:\/\/lepestacledemaelou.com\/blog\/wp-content\/uploads\/2022\/05\/test-5-Banners-lin-franc_ais_1.jpg 2000w\" sizes=\"(max-width: 465px) 100vw, 465px\" \/><\/p>\n<p>La collection Lin fran\u00e7ais propose des pi\u00e8ces \u00e9l\u00e9gantes et 100% responsables.<\/p>\n<p>Retrouvez <a href=\"https:\/\/lepestacledemaelou.com\/225-nobodinoz\" target=\"_blank\" rel=\"noopener\"><strong>tout le catalogue des produits Nobodinoz<\/strong><\/a>.<\/p>\n<p>D\u00e9couvrez les produits de <a href=\"https:\/\/lepestacledemaelou.com\/523-collection-lin-francais\" target=\"_blank\" rel=\"noopener\"><strong>la collection Lin Fran\u00e7ais sur notre e-shop<\/strong><\/a>.<\/p>\n","protected":false},"excerpt":{"rendered":"<p>Nobodinoz continue de proposer des produits fabriqu\u00e9s avec des mati\u00e8res premi\u00e8res durables. La marque espagnole a relev\u00e9 un nouveau d\u00e9fi en choisissant le lin pour sa nouvelle collection de linge : Lin Fran\u00e7ais. La collection Lin fran\u00e7ais est enti\u00e8rement fabriqu\u00e9e selon un circuit court : le lin est cultiv\u00e9 en France puis transform\u00e9 \u00e0 Barcelone [&hellip;]<\/p>\n","protected":false},"author":2,"featured_media":1277,"comment_status":"closed","ping_status":"closed","sticky":false,"template":"","format":"standard","meta":{"inline_featured_image":false},"categories":[8,9,5],"tags":[],"yoast_head":"<!-- This site is optimized with the Yoast SEO plugin v19.8 - https:\/\/yoast.com\/wordpress\/plugins\/seo\/ -->\n<title>Nobodinoz lance une nouvelle collection : Lin Fran\u00e7ais - Le Pestacle de Ma\u00eblou - blog<\/title>\n<meta name=\"robots\" content=\"index, follow, max-snippet:-1, max-image-preview:large, max-video-preview:-1\" \/>\n<link rel=\"canonical\" href=\"https:\/\/lepestacledemaelou.com\/blog\/nobodinoz-lance-une-nouvelle-collection-lin-francais\/\" \/>\n<meta property=\"og:locale\" content=\"fr_FR\" \/>\n<meta property=\"og:type\" content=\"article\" \/>\n<meta property=\"og:title\" content=\"Nobodinoz lance une nouvelle collection : Lin Fran\u00e7ais - Le Pestacle de Ma\u00eblou - blog\" \/>\n<meta property=\"og:description\" content=\"Nobodinoz continue de proposer des produits fabriqu\u00e9s avec des mati\u00e8res premi\u00e8res durables. La marque espagnole a relev\u00e9 un nouveau d\u00e9fi en choisissant le lin pour sa nouvelle collection de linge : Lin Fran\u00e7ais. La collection Lin fran\u00e7ais est enti\u00e8rement fabriqu\u00e9e selon un circuit court : le lin est cultiv\u00e9 en France puis transform\u00e9 \u00e0 Barcelone [&hellip;]\" \/>\n<meta property=\"og:url\" content=\"https:\/\/lepestacledemaelou.com\/blog\/nobodinoz-lance-une-nouvelle-collection-lin-francais\/\" \/>\n<meta property=\"og:site_name\" content=\"Le Pestacle de Ma\u00eblou - blog\" \/>\n<meta property=\"article:publisher\" content=\"https:\/\/www.facebook.com\/lepestacledemaelou\" \/>\n<meta property=\"article:published_time\" content=\"2022-05-22T16:03:46+00:00\" \/>\n<meta property=\"article:modified_time\" content=\"2022-05-25T09:38:02+00:00\" \/>\n<meta property=\"og:image\" content=\"https:\/\/lepestacledemaelou.com\/blog\/wp-content\/uploads\/2022\/05\/Lin-francais_Tour-de-lit-et-couverture.jpg\" \/>\n\t<meta property=\"og:image:width\" content=\"846\" \/>\n\t<meta property=\"og:image:height\" content=\"615\" \/>\n\t<meta property=\"og:image:type\" content=\"image\/jpeg\" \/>\n<meta name=\"author\" content=\"S\u00e9l\u00e8ne\" \/>\n<meta name=\"twitter:card\" content=\"summary_large_image\" \/>\n<meta name=\"twitter:creator\" content=\"@PestacleMaelou\" \/>\n<meta name=\"twitter:site\" content=\"@PestacleMaelou\" \/>\n<meta name=\"twitter:label1\" content=\"\u00c9crit par\" \/>\n\t<meta name=\"twitter:data1\" content=\"S\u00e9l\u00e8ne\" \/>\n\t<meta name=\"twitter:label2\" content=\"Dur\u00e9e de lecture estim\u00e9e\" \/>\n\t<meta name=\"twitter:data2\" content=\"2 minutes\" \/>\n<script type=\"application\/ld+json\" class=\"yoast-schema-graph\">{\"@context\":\"https:\/\/schema.org\",\"@graph\":[{\"@type\":\"Article\",\"@id\":\"https:\/\/lepestacledemaelou.com\/blog\/nobodinoz-lance-une-nouvelle-collection-lin-francais\/#article\",\"isPartOf\":{\"@id\":\"https:\/\/lepestacledemaelou.com\/blog\/nobodinoz-lance-une-nouvelle-collection-lin-francais\/\"},\"author\":{\"name\":\"S\u00e9l\u00e8ne\",\"@id\":\"https:\/\/lepestacledemaelou.com\/blog\/#\/schema\/person\/0e5981ea5463bde594755a913531a806\"},\"headline\":\"Nobodinoz lance une nouvelle collection : Lin Fran\u00e7ais\",\"datePublished\":\"2022-05-22T16:03:46+00:00\",\"dateModified\":\"2022-05-25T09:38:02+00:00\",\"mainEntityOfPage\":{\"@id\":\"https:\/\/lepestacledemaelou.com\/blog\/nobodinoz-lance-une-nouvelle-collection-lin-francais\/\"},\"wordCount\":214,\"publisher\":{\"@id\":\"https:\/\/lepestacledemaelou.com\/blog\/#organization\"},\"articleSection\":[\"Coups de coeur\",\"Id\u00e9es cadeaux\",\"Nouveaut\u00e9s\"],\"inLanguage\":\"fr-FR\"},{\"@type\":\"WebPage\",\"@id\":\"https:\/\/lepestacledemaelou.com\/blog\/nobodinoz-lance-une-nouvelle-collection-lin-francais\/\",\"url\":\"https:\/\/lepestacledemaelou.com\/blog\/nobodinoz-lance-une-nouvelle-collection-lin-francais\/\",\"name\":\"Nobodinoz lance une nouvelle collection : Lin Fran\u00e7ais - Le Pestacle de Ma\u00eblou - blog\",\"isPartOf\":{\"@id\":\"https:\/\/lepestacledemaelou.com\/blog\/#website\"},\"datePublished\":\"2022-05-22T16:03:46+00:00\",\"dateModified\":\"2022-05-25T09:38:02+00:00\",\"breadcrumb\":{\"@id\":\"https:\/\/lepestacledemaelou.com\/blog\/nobodinoz-lance-une-nouvelle-collection-lin-francais\/#breadcrumb\"},\"inLanguage\":\"fr-FR\",\"potentialAction\":[{\"@type\":\"ReadAction\",\"target\":[\"https:\/\/lepestacledemaelou.com\/blog\/nobodinoz-lance-une-nouvelle-collection-lin-francais\/\"]}]},{\"@type\":\"BreadcrumbList\",\"@id\":\"https:\/\/lepestacledemaelou.com\/blog\/nobodinoz-lance-une-nouvelle-collection-lin-francais\/#breadcrumb\",\"itemListElement\":[{\"@type\":\"ListItem\",\"position\":1,\"name\":\"Accueil\",\"item\":\"https:\/\/lepestacledemaelou.com\/blog\/\"},{\"@type\":\"ListItem\",\"position\":2,\"name\":\"Nobodinoz lance une nouvelle collection : Lin Fran\u00e7ais\"}]},{\"@type\":\"WebSite\",\"@id\":\"https:\/\/lepestacledemaelou.com\/blog\/#website\",\"url\":\"https:\/\/lepestacledemaelou.com\/blog\/\",\"name\":\"Le Pestacle de Ma\u00eblou - blog\",\"description\":\"\",\"publisher\":{\"@id\":\"https:\/\/lepestacledemaelou.com\/blog\/#organization\"},\"potentialAction\":[{\"@type\":\"SearchAction\",\"target\":{\"@type\":\"EntryPoint\",\"urlTemplate\":\"https:\/\/lepestacledemaelou.com\/blog\/?s={search_term_string}\"},\"query-input\":\"required name=search_term_string\"}],\"inLanguage\":\"fr-FR\"},{\"@type\":\"Organization\",\"@id\":\"https:\/\/lepestacledemaelou.com\/blog\/#organization\",\"name\":\"Le Pestacle de Maelou\",\"url\":\"https:\/\/lepestacledemaelou.com\/blog\/\",\"sameAs\":[\"https:\/\/instagram.com\/lepestacledemaelou\/\",\"https:\/\/www.facebook.com\/lepestacledemaelou\",\"https:\/\/twitter.com\/PestacleMaelou\"],\"logo\":{\"@type\":\"ImageObject\",\"inLanguage\":\"fr-FR\",\"@id\":\"https:\/\/lepestacledemaelou.com\/blog\/#\/schema\/logo\/image\/\",\"url\":\"https:\/\/lepestacledemaelou.com\/blog\/wp-content\/uploads\/2021\/08\/Logo-blog-maelou.svg\",\"contentUrl\":\"https:\/\/lepestacledemaelou.com\/blog\/wp-content\/uploads\/2021\/08\/Logo-blog-maelou.svg\",\"width\":\"1024\",\"height\":\"1024\",\"caption\":\"Le Pestacle de Maelou\"},\"image\":{\"@id\":\"https:\/\/lepestacledemaelou.com\/blog\/#\/schema\/logo\/image\/\"}},{\"@type\":\"Person\",\"@id\":\"https:\/\/lepestacledemaelou.com\/blog\/#\/schema\/person\/0e5981ea5463bde594755a913531a806\",\"name\":\"S\u00e9l\u00e8ne\",\"image\":{\"@type\":\"ImageObject\",\"inLanguage\":\"fr-FR\",\"@id\":\"https:\/\/lepestacledemaelou.com\/blog\/#\/schema\/person\/image\/\",\"url\":\"https:\/\/secure.gravatar.com\/avatar\/f14f2657c8955250bb3f16715ea150b3?s=96&d=mm&r=g\",\"contentUrl\":\"https:\/\/secure.gravatar.com\/avatar\/f14f2657c8955250bb3f16715ea150b3?s=96&d=mm&r=g\",\"caption\":\"S\u00e9l\u00e8ne\"},\"sameAs\":[\"https:\/\/lepestacledemaelou.com\"]}]}<\/script>\n<!-- \/ Yoast SEO plugin. -->","yoast_head_json":{"title":"Nobodinoz lance une nouvelle collection : Lin Fran\u00e7ais - Le Pestacle de Ma\u00eblou - blog","robots":{"index":"index","follow":"follow","max-snippet":"max-snippet:-1","max-image-preview":"max-image-preview:large","max-video-preview":"max-video-preview:-1"},"canonical":"https:\/\/lepestacledemaelou.com\/blog\/nobodinoz-lance-une-nouvelle-collection-lin-francais\/","og_locale":"fr_FR","og_type":"article","og_title":"Nobodinoz lance une nouvelle collection : Lin Fran\u00e7ais - Le Pestacle de Ma\u00eblou - blog","og_description":"Nobodinoz continue de proposer des produits fabriqu\u00e9s avec des mati\u00e8res premi\u00e8res durables. La marque espagnole a relev\u00e9 un nouveau d\u00e9fi en choisissant le lin pour sa nouvelle collection de linge : Lin Fran\u00e7ais. La collection Lin fran\u00e7ais est enti\u00e8rement fabriqu\u00e9e selon un circuit court : le lin est cultiv\u00e9 en France puis transform\u00e9 \u00e0 Barcelone [&hellip;]","og_url":"https:\/\/lepestacledemaelou.com\/blog\/nobodinoz-lance-une-nouvelle-collection-lin-francais\/","og_site_name":"Le Pestacle de Ma\u00eblou - blog","article_publisher":"https:\/\/www.facebook.com\/lepestacledemaelou","article_published_time":"2022-05-22T16:03:46+00:00","article_modified_time":"2022-05-25T09:38:02+00:00","og_image":[{"width":846,"height":615,"url":"https:\/\/lepestacledemaelou.com\/blog\/wp-content\/uploads\/2022\/05\/Lin-francais_Tour-de-lit-et-couverture.jpg","type":"image\/jpeg"}],"author":"S\u00e9l\u00e8ne","twitter_card":"summary_large_image","twitter_creator":"@PestacleMaelou","twitter_site":"@PestacleMaelou","twitter_misc":{"\u00c9crit par":"S\u00e9l\u00e8ne","Dur\u00e9e de lecture estim\u00e9e":"2 minutes"},"schema":{"@context":"https:\/\/schema.org","@graph":[{"@type":"Article","@id":"https:\/\/lepestacledemaelou.com\/blog\/nobodinoz-lance-une-nouvelle-collection-lin-francais\/#article","isPartOf":{"@id":"https:\/\/lepestacledemaelou.com\/blog\/nobodinoz-lance-une-nouvelle-collection-lin-francais\/"},"author":{"name":"S\u00e9l\u00e8ne","@id":"https:\/\/lepestacledemaelou.com\/blog\/#\/schema\/person\/0e5981ea5463bde594755a913531a806"},"headline":"Nobodinoz lance une nouvelle collection : Lin Fran\u00e7ais","datePublished":"2022-05-22T16:03:46+00:00","dateModified":"2022-05-25T09:38:02+00:00","mainEntityOfPage":{"@id":"https:\/\/lepestacledemaelou.com\/blog\/nobodinoz-lance-une-nouvelle-collection-lin-francais\/"},"wordCount":214,"publisher":{"@id":"https:\/\/lepestacledemaelou.com\/blog\/#organization"},"articleSection":["Coups de coeur","Id\u00e9es cadeaux","Nouveaut\u00e9s"],"inLanguage":"fr-FR"},{"@type":"WebPage","@id":"https:\/\/lepestacledemaelou.com\/blog\/nobodinoz-lance-une-nouvelle-collection-lin-francais\/","url":"https:\/\/lepestacledemaelou.com\/blog\/nobodinoz-lance-une-nouvelle-collection-lin-francais\/","name":"Nobodinoz lance une nouvelle collection : Lin Fran\u00e7ais - Le Pestacle de Ma\u00eblou - blog","isPartOf":{"@id":"https:\/\/lepestacledemaelou.com\/blog\/#website"},"datePublished":"2022-05-22T16:03:46+00:00","dateModified":"2022-05-25T09:38:02+00:00","breadcrumb":{"@id":"https:\/\/lepestacledemaelou.com\/blog\/nobodinoz-lance-une-nouvelle-collection-lin-francais\/#breadcrumb"},"inLanguage":"fr-FR","potentialAction":[{"@type":"ReadAction","target":["https:\/\/lepestacledemaelou.com\/blog\/nobodinoz-lance-une-nouvelle-collection-lin-francais\/"]}]},{"@type":"BreadcrumbList","@id":"https:\/\/lepestacledemaelou.com\/blog\/nobodinoz-lance-une-nouvelle-collection-lin-francais\/#breadcrumb","itemListElement":[{"@type":"ListItem","position":1,"name":"Accueil","item":"https:\/\/lepestacledemaelou.com\/blog\/"},{"@type":"ListItem","position":2,"name":"Nobodinoz lance une nouvelle collection : Lin Fran\u00e7ais"}]},{"@type":"WebSite","@id":"https:\/\/lepestacledemaelou.com\/blog\/#website","url":"https:\/\/lepestacledemaelou.com\/blog\/","name":"Le Pestacle de Ma\u00eblou - blog","description":"","publisher":{"@id":"https:\/\/lepestacledemaelou.com\/blog\/#organization"},"potentialAction":[{"@type":"SearchAction","target":{"@type":"EntryPoint","urlTemplate":"https:\/\/lepestacledemaelou.com\/blog\/?s={search_term_string}"},"query-input":"required name=search_term_string"}],"inLanguage":"fr-FR"},{"@type":"Organization","@id":"https:\/\/lepestacledemaelou.com\/blog\/#organization","name":"Le Pestacle de Maelou","url":"https:\/\/lepestacledemaelou.com\/blog\/","sameAs":["https:\/\/instagram.com\/lepestacledemaelou\/","https:\/\/www.facebook.com\/lepestacledemaelou","https:\/\/twitter.com\/PestacleMaelou"],"logo":{"@type":"ImageObject","inLanguage":"fr-FR","@id":"https:\/\/lepestacledemaelou.com\/blog\/#\/schema\/logo\/image\/","url":"https:\/\/lepestacledemaelou.com\/blog\/wp-content\/uploads\/2021\/08\/Logo-blog-maelou.svg","contentUrl":"https:\/\/lepestacledemaelou.com\/blog\/wp-content\/uploads\/2021\/08\/Logo-blog-maelou.svg","width":"1024","height":"1024","caption":"Le Pestacle de Maelou"},"image":{"@id":"https:\/\/lepestacledemaelou.com\/blog\/#\/schema\/logo\/image\/"}},{"@type":"Person","@id":"https:\/\/lepestacledemaelou.com\/blog\/#\/schema\/person\/0e5981ea5463bde594755a913531a806","name":"S\u00e9l\u00e8ne","image":{"@type":"ImageObject","inLanguage":"fr-FR","@id":"https:\/\/lepestacledemaelou.com\/blog\/#\/schema\/person\/image\/","url":"https:\/\/secure.gravatar.com\/avatar\/f14f2657c8955250bb3f16715ea150b3?s=96&d=mm&r=g","contentUrl":"https:\/\/secure.gravatar.com\/avatar\/f14f2657c8955250bb3f16715ea150b3?s=96&d=mm&r=g","caption":"S\u00e9l\u00e8ne"},"sameAs":["https:\/\/lepestacledemaelou.com"]}]}},"_links":{"self":[{"href":"https:\/\/lepestacledemaelou.com\/blog\/wp-json\/wp\/v2\/posts\/1273"}],"collection":[{"href":"https:\/\/lepestacledemaelou.com\/blog\/wp-json\/wp\/v2\/posts"}],"about":[{"href":"https:\/\/lepestacledemaelou.com\/blog\/wp-json\/wp\/v2\/types\/post"}],"author":[{"embeddable":true,"href":"https:\/\/lepestacledemaelou.com\/blog\/wp-json\/wp\/v2\/users\/2"}],"replies":[{"embeddable":true,"href":"https:\/\/lepestacledemaelou.com\/blog\/wp-json\/wp\/v2\/comments?post=1273"}],"version-history":[{"count":5,"href":"https:\/\/lepestacledemaelou.com\/blog\/wp-json\/wp\/v2\/posts\/1273\/revisions"}],"predecessor-version":[{"id":1282,"href":"https:\/\/lepestacledemaelou.com\/blog\/wp-json\/wp\/v2\/posts\/1273\/revisions\/1282"}],"wp:featuredmedia":[{"embeddable":true,"href":"https:\/\/lepestacledemaelou.com\/blog\/wp-json\/wp\/v2\/media\/1277"}],"wp:attachment":[{"href":"https:\/\/lepestacledemaelou.com\/blog\/wp-json\/wp\/v2\/media?parent=1273"}],"wp:term":[{"taxonomy":"category","embeddable":true,"href":"https:\/\/lepestacledemaelou.com\/blog\/wp-json\/wp\/v2\/categories?post=1273"},{"taxonomy":"post_tag","embeddable":true,"href":"https:\/\/lepestacledemaelou.com\/blog\/wp-json\/wp\/v2\/tags?post=1273"}],"curies":[{"name":"wp","href":"https:\/\/api.w.org\/{rel}","templated":true}]}}