{"id":1524,"date":"2024-01-05T17:12:58","date_gmt":"2024-01-05T16:12:58","guid":{"rendered":"https:\/\/lepestacledemaelou.com\/blog\/?p=1524"},"modified":"2024-01-06T15:50:59","modified_gmt":"2024-01-06T14:50:59","slug":"le-couffin-kuko-de-charlie-crane-un-cocon-douillet-pour-nouveau-ne","status":"publish","type":"post","link":"https:\/\/lepestacledemaelou.com\/blog\/le-couffin-kuko-de-charlie-crane-un-cocon-douillet-pour-nouveau-ne\/","title":{"rendered":"Le Couffin KUKO de Charlie Crane : un cocon douillet pour nouveau-n\u00e9"},"content":{"rendered":"<div id=\"_vhuYZZnUGvX4kdUPgJuAsAk_474\" class=\"bCOlv\" data-ved=\"2ahUKEwiZq9rqw8aDAxV1fKQEHYANAJYQ7NUEegQIbBAE\">\n<div class=\"IZE3Td\">\n<div class=\"t0bRye r2fjmd\" data-hveid=\"CGwQBQ\" data-ved=\"2ahUKEwiZq9rqw8aDAxV1fKQEHYANAJYQu04oAHoECGwQBQ\">\n<div id=\"vhuYZZnUGvX4kdUPgJuAsAk__122\">\n<div class=\"wDYxhc\" data-md=\"61\">\n<div role=\"heading\" data-attrid=\"wa:\/description\" aria-level=\"3\" data-hveid=\"CGkQAA\">Pendant ses premiers mois, le nourrisson a besoin de dormir dans un espace o\u00f9 il se sent rassur\u00e9.<\/div>\n<div role=\"heading\" data-attrid=\"wa:\/description\" aria-level=\"3\" data-hveid=\"CGkQAA\">L&rsquo;accueillir dans un couffin peut l&rsquo;aider \u00e0 <span class=\"ILfuVd\" lang=\"fr\"><span class=\"hgKElc\">retrouver les sensations rassurantes qu&rsquo;il avait lorsqu&rsquo;il \u00e9tait au chaud dans le ventre de sa maman. Cela est tr\u00e8s important pour lui de se sentir envelopper.\u00a0<\/span><\/span><\/div>\n<div role=\"heading\" data-attrid=\"wa:\/description\" aria-level=\"3\" data-hveid=\"CGkQAA\"><\/div>\n<div role=\"heading\" data-attrid=\"wa:\/description\" aria-level=\"3\" data-hveid=\"CGkQAA\">Le couffin Kuko, con\u00e7u par Charlie Crane, la marque fran\u00e7aise de mobilier et accessoires pour chambre d&rsquo;enfants, propose un espace restreint douillet qui procure <span class=\"ILfuVd\" lang=\"fr\"><span class=\"hgKElc\">ce confort durant les longues p\u00e9riodes de sommeil de b\u00e9b\u00e9.<\/span><\/span><\/div>\n<div role=\"heading\" data-attrid=\"wa:\/description\" aria-level=\"3\" data-hveid=\"CGkQAA\"><\/div>\n<\/div>\n<\/div>\n<\/div>\n<\/div>\n<div role=\"heading\" data-attrid=\"wa:\/description\" aria-level=\"3\" data-hveid=\"CGkQAA\">Le couffin Kuko est L\u00e9ger et \u00e9quip\u00e9 de poign\u00e9es. Il est possible de le d\u00e9placer tr\u00e8s ais\u00e9ment. De la chambre au salon, de votre maison \u00e0 chez vos proches, ce petit lit vous permettra de faire voyager b\u00e9b\u00e9 partout et facilement. Il s&rsquo;utilisera de la naissance et jusqu&rsquo;\u00e0 ce que votre enfant puisse tenir assis tout seul.<\/div>\n<div role=\"heading\" data-attrid=\"wa:\/description\" aria-level=\"3\" data-hveid=\"CGkQAA\"><\/div>\n<\/div>\n<p style=\"text-align: center;\"><a href=\"https:\/\/lepestacledemaelou.com\/couffin\/6939-couffin-kuko-nude.html?search_query=kuko&amp;results=9\" target=\"_blank\" rel=\"noopener\"><img decoding=\"async\" loading=\"lazy\" class=\"aligncenter wp-image-1529 size-full\" src=\"https:\/\/lepestacledemaelou.com\/blog\/wp-content\/uploads\/2024\/01\/KUKO-Nude-5.jpg\" alt=\"\" width=\"800\" height=\"800\" srcset=\"https:\/\/lepestacledemaelou.com\/blog\/wp-content\/uploads\/2024\/01\/KUKO-Nude-5.jpg 800w, https:\/\/lepestacledemaelou.com\/blog\/wp-content\/uploads\/2024\/01\/KUKO-Nude-5-300x300.jpg 300w, https:\/\/lepestacledemaelou.com\/blog\/wp-content\/uploads\/2024\/01\/KUKO-Nude-5-150x150.jpg 150w, https:\/\/lepestacledemaelou.com\/blog\/wp-content\/uploads\/2024\/01\/KUKO-Nude-5-768x768.jpg 768w\" sizes=\"(max-width: 800px) 100vw, 800px\" \/><\/a><\/p>\n<p style=\"text-align: center;\"><a href=\"https:\/\/lepestacledemaelou.com\/couffin\/6939-couffin-kuko-nude.html\" target=\"_blank\" rel=\"noopener\">Couffin Kuko &#8211; Nude, Charlie Crane \u00e0 199 \u20ac sur lepestacledemaelou.com<\/a><\/p>\n<p>La structure du couffin Kuko est con\u00e7ue en mousse pour assurer un confort optimal \u00e0 b\u00e9b\u00e9. Cette mousse est ferme, alv\u00e9ol\u00e9e et donc tr\u00e8s respirante. Le matelas int\u00e9gr\u00e9 et la structure sont couverts d&rsquo;un rev\u00eatement en 100% coton. En cas de besoin, le tissu est d\u00e9tachable et se nettoie en machine \u00e0 laver.<\/p>\n<p><a href=\"https:\/\/lepestacledemaelou.com\/couffin\/6942-couffin-kuko-prisca.html\" target=\"_blank\" rel=\"noopener\"><img decoding=\"async\" loading=\"lazy\" class=\"aligncenter wp-image-1533 size-full\" src=\"https:\/\/lepestacledemaelou.com\/blog\/wp-content\/uploads\/2024\/01\/KUKO-PRISCA-4.jpg\" alt=\"\" width=\"800\" height=\"800\" srcset=\"https:\/\/lepestacledemaelou.com\/blog\/wp-content\/uploads\/2024\/01\/KUKO-PRISCA-4.jpg 800w, https:\/\/lepestacledemaelou.com\/blog\/wp-content\/uploads\/2024\/01\/KUKO-PRISCA-4-300x300.jpg 300w, https:\/\/lepestacledemaelou.com\/blog\/wp-content\/uploads\/2024\/01\/KUKO-PRISCA-4-150x150.jpg 150w, https:\/\/lepestacledemaelou.com\/blog\/wp-content\/uploads\/2024\/01\/KUKO-PRISCA-4-768x768.jpg 768w\" sizes=\"(max-width: 800px) 100vw, 800px\" \/><\/a><\/p>\n<p style=\"text-align: center;\"><a href=\"https:\/\/lepestacledemaelou.com\/couffin\/6942-couffin-kuko-prisca.html\" target=\"_blank\" rel=\"noopener\">Couffin Kuko &#8211; Prisca, Charlie Crane \u00e0 229\u20ac sur lepestacledemaelou.com<\/a><\/p>\n<p>Le couffin Kuko peut \u00eatre poser sur un support en bois naturel, le transformant en un clin d\u2019\u0153il en un berceau au doux balancement. Ce mouvement r\u00e9p\u00e9titif<span class=\"ILfuVd\" lang=\"fr\"><span class=\"hgKElc\"> peut faciliter un endormissement plus rapide.<\/span><\/span><\/p>\n<p>De plus, en posant b\u00e9b\u00e9 \u00e0 une hauteur confortable, vos interactions avec lui sont facilit\u00e9es. Vous pourrez \u00e9galement jouer et parler avec votre tout petit sans vous pencher et vous faire mal au dos.<\/p>\n<p><a href=\"https:\/\/lepestacledemaelou.com\/couffin\/6937-couffin-kuko-camel.html?search_query=kuko&amp;results=9\" target=\"_blank\" rel=\"noopener\"><img decoding=\"async\" loading=\"lazy\" class=\"aligncenter wp-image-1535 size-full\" src=\"https:\/\/lepestacledemaelou.com\/blog\/wp-content\/uploads\/2024\/01\/KUKO-Camel-2.jpg\" alt=\"\" width=\"800\" height=\"800\" srcset=\"https:\/\/lepestacledemaelou.com\/blog\/wp-content\/uploads\/2024\/01\/KUKO-Camel-2.jpg 800w, https:\/\/lepestacledemaelou.com\/blog\/wp-content\/uploads\/2024\/01\/KUKO-Camel-2-300x300.jpg 300w, https:\/\/lepestacledemaelou.com\/blog\/wp-content\/uploads\/2024\/01\/KUKO-Camel-2-150x150.jpg 150w, https:\/\/lepestacledemaelou.com\/blog\/wp-content\/uploads\/2024\/01\/KUKO-Camel-2-768x768.jpg 768w\" sizes=\"(max-width: 800px) 100vw, 800px\" \/><\/a><\/p>\n<p style=\"text-align: center;\"><a href=\"https:\/\/lepestacledemaelou.com\/\" target=\"_blank\" rel=\"noopener\">Couffin Kuko &#8211; Caramel, Charlie Crane \u00e0 199\u20ac sur lepestacledemaelou.com<\/a><\/p>\n<p style=\"text-align: center;\">Le couffin Kuko de Charlie Crane est le cocon douillet id\u00e9al pour accueillir votre nouveau-n\u00e9 pour ses premiers mois.<a href=\"https:\/\/lepestacledemaelou.com\/couffin\/6941-couffin-kuko-basket-pia.html\" target=\"_blank\" rel=\"noopener\"><img decoding=\"async\" loading=\"lazy\" class=\"aligncenter wp-image-1571\" src=\"https:\/\/lepestacledemaelou.com\/blog\/wp-content\/uploads\/2024\/01\/couffin-kuko-basket-pia.jpg\" alt=\"\" width=\"600\" height=\"500\" srcset=\"https:\/\/lepestacledemaelou.com\/blog\/wp-content\/uploads\/2024\/01\/couffin-kuko-basket-pia.jpg 780w, https:\/\/lepestacledemaelou.com\/blog\/wp-content\/uploads\/2024\/01\/couffin-kuko-basket-pia-300x250.jpg 300w, https:\/\/lepestacledemaelou.com\/blog\/wp-content\/uploads\/2024\/01\/couffin-kuko-basket-pia-768x640.jpg 768w\" sizes=\"(max-width: 600px) 100vw, 600px\" \/><\/a><a href=\"https:\/\/lepestacledemaelou.com\/couffin\/6941-couffin-kuko-basket-pia.html\" target=\"_blank\" rel=\"noopener\">Couffin Kuko &#8211; Pia, Charlie Crane \u00e0 249 \u20ac sur lepestacledemaelou.com\u00a0<\/a><\/p>\n<p>Le couffin Kuko de Charlie Crane se distingue par son design \u00e9pur\u00e9, moderne et harmonieux. Il existe dans diff\u00e9rents coloris et imprim\u00e9s. Vous pouvez choisir le mod\u00e8le qui s\u2019int\u00e9grera parfaitement \u00e0 votre d\u00e9coration.<\/p>\n<p>Vous retrouverez toute notre s\u00e9lection de couffins Kuko dans notre boutique D\u00e9co &amp; Mobilier au 81 rue Nollet, Paris 17 et sur <a href=\"https:\/\/lepestacledemaelou.com\/recherche?controller=search&amp;orderby=position&amp;orderway=desc&amp;search_query=kuko&amp;submit_search=\" target=\"_blank\" rel=\"noopener\">notre boutique en ligne<\/a>.<\/p>\n","protected":false},"excerpt":{"rendered":"<p>Pendant ses premiers mois, le nourrisson a besoin de dormir dans un espace o\u00f9 il se sent rassur\u00e9. L&rsquo;accueillir dans un couffin peut l&rsquo;aider \u00e0 retrouver les sensations rassurantes qu&rsquo;il avait lorsqu&rsquo;il \u00e9tait au chaud dans le ventre de sa maman. Cela est tr\u00e8s important pour lui de se sentir envelopper.\u00a0 Le couffin Kuko, con\u00e7u [&hellip;]<\/p>\n","protected":false},"author":6,"featured_media":1525,"comment_status":"closed","ping_status":"closed","sticky":false,"template":"","format":"standard","meta":{"inline_featured_image":false},"categories":[7,8,9],"tags":[],"yoast_head":"<!-- This site is optimized with the Yoast SEO plugin v19.8 - https:\/\/yoast.com\/wordpress\/plugins\/seo\/ -->\n<title>Le Couffin KUKO de Charlie Crane : un cocon douillet pour nouveau-n\u00e9 - Le Pestacle de Ma\u00eblou - blog<\/title>\n<meta name=\"robots\" content=\"index, follow, max-snippet:-1, max-image-preview:large, max-video-preview:-1\" \/>\n<link rel=\"canonical\" href=\"https:\/\/lepestacledemaelou.com\/blog\/le-couffin-kuko-de-charlie-crane-un-cocon-douillet-pour-nouveau-ne\/\" \/>\n<meta property=\"og:locale\" content=\"fr_FR\" \/>\n<meta property=\"og:type\" content=\"article\" \/>\n<meta property=\"og:title\" content=\"Le Couffin KUKO de Charlie Crane : un cocon douillet pour nouveau-n\u00e9 - Le Pestacle de Ma\u00eblou - blog\" \/>\n<meta property=\"og:description\" content=\"Pendant ses premiers mois, le nourrisson a besoin de dormir dans un espace o\u00f9 il se sent rassur\u00e9. L&rsquo;accueillir dans un couffin peut l&rsquo;aider \u00e0 retrouver les sensations rassurantes qu&rsquo;il avait lorsqu&rsquo;il \u00e9tait au chaud dans le ventre de sa maman. Cela est tr\u00e8s important pour lui de se sentir envelopper.\u00a0 Le couffin Kuko, con\u00e7u [&hellip;]\" \/>\n<meta property=\"og:url\" content=\"https:\/\/lepestacledemaelou.com\/blog\/le-couffin-kuko-de-charlie-crane-un-cocon-douillet-pour-nouveau-ne\/\" \/>\n<meta property=\"og:site_name\" content=\"Le Pestacle de Ma\u00eblou - blog\" \/>\n<meta property=\"article:publisher\" content=\"https:\/\/www.facebook.com\/lepestacledemaelou\" \/>\n<meta property=\"article:published_time\" content=\"2024-01-05T16:12:58+00:00\" \/>\n<meta property=\"article:modified_time\" content=\"2024-01-06T14:50:59+00:00\" \/>\n<meta property=\"og:image\" content=\"https:\/\/lepestacledemaelou.com\/blog\/wp-content\/uploads\/2024\/01\/KUKO-Elisabeth-1.jpg\" \/>\n\t<meta property=\"og:image:width\" content=\"800\" \/>\n\t<meta property=\"og:image:height\" content=\"800\" \/>\n\t<meta property=\"og:image:type\" content=\"image\/jpeg\" \/>\n<meta name=\"author\" content=\"Maeva Laniece\" \/>\n<meta name=\"twitter:card\" content=\"summary_large_image\" \/>\n<meta name=\"twitter:creator\" content=\"@PestacleMaelou\" \/>\n<meta name=\"twitter:site\" content=\"@PestacleMaelou\" \/>\n<meta name=\"twitter:label1\" content=\"\u00c9crit par\" \/>\n\t<meta name=\"twitter:data1\" content=\"Maeva Laniece\" \/>\n\t<meta name=\"twitter:label2\" content=\"Dur\u00e9e de lecture estim\u00e9e\" \/>\n\t<meta name=\"twitter:data2\" content=\"2 minutes\" \/>\n<script type=\"application\/ld+json\" class=\"yoast-schema-graph\">{\"@context\":\"https:\/\/schema.org\",\"@graph\":[{\"@type\":\"Article\",\"@id\":\"https:\/\/lepestacledemaelou.com\/blog\/le-couffin-kuko-de-charlie-crane-un-cocon-douillet-pour-nouveau-ne\/#article\",\"isPartOf\":{\"@id\":\"https:\/\/lepestacledemaelou.com\/blog\/le-couffin-kuko-de-charlie-crane-un-cocon-douillet-pour-nouveau-ne\/\"},\"author\":{\"name\":\"Maeva Laniece\",\"@id\":\"https:\/\/lepestacledemaelou.com\/blog\/#\/schema\/person\/6b92e56ea8a01676a21ace6c8f9cd9b2\"},\"headline\":\"Le Couffin KUKO de Charlie Crane : un cocon douillet pour nouveau-n\u00e9\",\"datePublished\":\"2024-01-05T16:12:58+00:00\",\"dateModified\":\"2024-01-06T14:50:59+00:00\",\"mainEntityOfPage\":{\"@id\":\"https:\/\/lepestacledemaelou.com\/blog\/le-couffin-kuko-de-charlie-crane-un-cocon-douillet-pour-nouveau-ne\/\"},\"wordCount\":411,\"publisher\":{\"@id\":\"https:\/\/lepestacledemaelou.com\/blog\/#organization\"},\"articleSection\":[\"Choix des parents\",\"Coups de coeur\",\"Id\u00e9es cadeaux\"],\"inLanguage\":\"fr-FR\"},{\"@type\":\"WebPage\",\"@id\":\"https:\/\/lepestacledemaelou.com\/blog\/le-couffin-kuko-de-charlie-crane-un-cocon-douillet-pour-nouveau-ne\/\",\"url\":\"https:\/\/lepestacledemaelou.com\/blog\/le-couffin-kuko-de-charlie-crane-un-cocon-douillet-pour-nouveau-ne\/\",\"name\":\"Le Couffin KUKO de Charlie Crane : un cocon douillet pour nouveau-n\u00e9 - Le Pestacle de Ma\u00eblou - blog\",\"isPartOf\":{\"@id\":\"https:\/\/lepestacledemaelou.com\/blog\/#website\"},\"datePublished\":\"2024-01-05T16:12:58+00:00\",\"dateModified\":\"2024-01-06T14:50:59+00:00\",\"breadcrumb\":{\"@id\":\"https:\/\/lepestacledemaelou.com\/blog\/le-couffin-kuko-de-charlie-crane-un-cocon-douillet-pour-nouveau-ne\/#breadcrumb\"},\"inLanguage\":\"fr-FR\",\"potentialAction\":[{\"@type\":\"ReadAction\",\"target\":[\"https:\/\/lepestacledemaelou.com\/blog\/le-couffin-kuko-de-charlie-crane-un-cocon-douillet-pour-nouveau-ne\/\"]}]},{\"@type\":\"BreadcrumbList\",\"@id\":\"https:\/\/lepestacledemaelou.com\/blog\/le-couffin-kuko-de-charlie-crane-un-cocon-douillet-pour-nouveau-ne\/#breadcrumb\",\"itemListElement\":[{\"@type\":\"ListItem\",\"position\":1,\"name\":\"Accueil\",\"item\":\"https:\/\/lepestacledemaelou.com\/blog\/\"},{\"@type\":\"ListItem\",\"position\":2,\"name\":\"Le Couffin KUKO de Charlie Crane : un cocon douillet pour nouveau-n\u00e9\"}]},{\"@type\":\"WebSite\",\"@id\":\"https:\/\/lepestacledemaelou.com\/blog\/#website\",\"url\":\"https:\/\/lepestacledemaelou.com\/blog\/\",\"name\":\"Le Pestacle de Ma\u00eblou - blog\",\"description\":\"\",\"publisher\":{\"@id\":\"https:\/\/lepestacledemaelou.com\/blog\/#organization\"},\"potentialAction\":[{\"@type\":\"SearchAction\",\"target\":{\"@type\":\"EntryPoint\",\"urlTemplate\":\"https:\/\/lepestacledemaelou.com\/blog\/?s={search_term_string}\"},\"query-input\":\"required name=search_term_string\"}],\"inLanguage\":\"fr-FR\"},{\"@type\":\"Organization\",\"@id\":\"https:\/\/lepestacledemaelou.com\/blog\/#organization\",\"name\":\"Le Pestacle de Maelou\",\"url\":\"https:\/\/lepestacledemaelou.com\/blog\/\",\"sameAs\":[\"https:\/\/instagram.com\/lepestacledemaelou\/\",\"https:\/\/www.facebook.com\/lepestacledemaelou\",\"https:\/\/twitter.com\/PestacleMaelou\"],\"logo\":{\"@type\":\"ImageObject\",\"inLanguage\":\"fr-FR\",\"@id\":\"https:\/\/lepestacledemaelou.com\/blog\/#\/schema\/logo\/image\/\",\"url\":\"https:\/\/lepestacledemaelou.com\/blog\/wp-content\/uploads\/2021\/08\/Logo-blog-maelou.svg\",\"contentUrl\":\"https:\/\/lepestacledemaelou.com\/blog\/wp-content\/uploads\/2021\/08\/Logo-blog-maelou.svg\",\"width\":\"1024\",\"height\":\"1024\",\"caption\":\"Le Pestacle de Maelou\"},\"image\":{\"@id\":\"https:\/\/lepestacledemaelou.com\/blog\/#\/schema\/logo\/image\/\"}},{\"@type\":\"Person\",\"@id\":\"https:\/\/lepestacledemaelou.com\/blog\/#\/schema\/person\/6b92e56ea8a01676a21ace6c8f9cd9b2\",\"name\":\"Maeva Laniece\",\"image\":{\"@type\":\"ImageObject\",\"inLanguage\":\"fr-FR\",\"@id\":\"https:\/\/lepestacledemaelou.com\/blog\/#\/schema\/person\/image\/\",\"url\":\"https:\/\/secure.gravatar.com\/avatar\/c08b82eccb291c3efb4663881320a169?s=96&d=mm&r=g\",\"contentUrl\":\"https:\/\/secure.gravatar.com\/avatar\/c08b82eccb291c3efb4663881320a169?s=96&d=mm&r=g\",\"caption\":\"Maeva Laniece\"}}]}<\/script>\n<!-- \/ Yoast SEO plugin. -->","yoast_head_json":{"title":"Le Couffin KUKO de Charlie Crane : un cocon douillet pour nouveau-n\u00e9 - Le Pestacle de Ma\u00eblou - blog","robots":{"index":"index","follow":"follow","max-snippet":"max-snippet:-1","max-image-preview":"max-image-preview:large","max-video-preview":"max-video-preview:-1"},"canonical":"https:\/\/lepestacledemaelou.com\/blog\/le-couffin-kuko-de-charlie-crane-un-cocon-douillet-pour-nouveau-ne\/","og_locale":"fr_FR","og_type":"article","og_title":"Le Couffin KUKO de Charlie Crane : un cocon douillet pour nouveau-n\u00e9 - Le Pestacle de Ma\u00eblou - blog","og_description":"Pendant ses premiers mois, le nourrisson a besoin de dormir dans un espace o\u00f9 il se sent rassur\u00e9. L&rsquo;accueillir dans un couffin peut l&rsquo;aider \u00e0 retrouver les sensations rassurantes qu&rsquo;il avait lorsqu&rsquo;il \u00e9tait au chaud dans le ventre de sa maman. Cela est tr\u00e8s important pour lui de se sentir envelopper.\u00a0 Le couffin Kuko, con\u00e7u [&hellip;]","og_url":"https:\/\/lepestacledemaelou.com\/blog\/le-couffin-kuko-de-charlie-crane-un-cocon-douillet-pour-nouveau-ne\/","og_site_name":"Le Pestacle de Ma\u00eblou - blog","article_publisher":"https:\/\/www.facebook.com\/lepestacledemaelou","article_published_time":"2024-01-05T16:12:58+00:00","article_modified_time":"2024-01-06T14:50:59+00:00","og_image":[{"width":800,"height":800,"url":"https:\/\/lepestacledemaelou.com\/blog\/wp-content\/uploads\/2024\/01\/KUKO-Elisabeth-1.jpg","type":"image\/jpeg"}],"author":"Maeva Laniece","twitter_card":"summary_large_image","twitter_creator":"@PestacleMaelou","twitter_site":"@PestacleMaelou","twitter_misc":{"\u00c9crit par":"Maeva Laniece","Dur\u00e9e de lecture estim\u00e9e":"2 minutes"},"schema":{"@context":"https:\/\/schema.org","@graph":[{"@type":"Article","@id":"https:\/\/lepestacledemaelou.com\/blog\/le-couffin-kuko-de-charlie-crane-un-cocon-douillet-pour-nouveau-ne\/#article","isPartOf":{"@id":"https:\/\/lepestacledemaelou.com\/blog\/le-couffin-kuko-de-charlie-crane-un-cocon-douillet-pour-nouveau-ne\/"},"author":{"name":"Maeva Laniece","@id":"https:\/\/lepestacledemaelou.com\/blog\/#\/schema\/person\/6b92e56ea8a01676a21ace6c8f9cd9b2"},"headline":"Le Couffin KUKO de Charlie Crane : un cocon douillet pour nouveau-n\u00e9","datePublished":"2024-01-05T16:12:58+00:00","dateModified":"2024-01-06T14:50:59+00:00","mainEntityOfPage":{"@id":"https:\/\/lepestacledemaelou.com\/blog\/le-couffin-kuko-de-charlie-crane-un-cocon-douillet-pour-nouveau-ne\/"},"wordCount":411,"publisher":{"@id":"https:\/\/lepestacledemaelou.com\/blog\/#organization"},"articleSection":["Choix des parents","Coups de coeur","Id\u00e9es cadeaux"],"inLanguage":"fr-FR"},{"@type":"WebPage","@id":"https:\/\/lepestacledemaelou.com\/blog\/le-couffin-kuko-de-charlie-crane-un-cocon-douillet-pour-nouveau-ne\/","url":"https:\/\/lepestacledemaelou.com\/blog\/le-couffin-kuko-de-charlie-crane-un-cocon-douillet-pour-nouveau-ne\/","name":"Le Couffin KUKO de Charlie Crane : un cocon douillet pour nouveau-n\u00e9 - Le Pestacle de Ma\u00eblou - blog","isPartOf":{"@id":"https:\/\/lepestacledemaelou.com\/blog\/#website"},"datePublished":"2024-01-05T16:12:58+00:00","dateModified":"2024-01-06T14:50:59+00:00","breadcrumb":{"@id":"https:\/\/lepestacledemaelou.com\/blog\/le-couffin-kuko-de-charlie-crane-un-cocon-douillet-pour-nouveau-ne\/#breadcrumb"},"inLanguage":"fr-FR","potentialAction":[{"@type":"ReadAction","target":["https:\/\/lepestacledemaelou.com\/blog\/le-couffin-kuko-de-charlie-crane-un-cocon-douillet-pour-nouveau-ne\/"]}]},{"@type":"BreadcrumbList","@id":"https:\/\/lepestacledemaelou.com\/blog\/le-couffin-kuko-de-charlie-crane-un-cocon-douillet-pour-nouveau-ne\/#breadcrumb","itemListElement":[{"@type":"ListItem","position":1,"name":"Accueil","item":"https:\/\/lepestacledemaelou.com\/blog\/"},{"@type":"ListItem","position":2,"name":"Le Couffin KUKO de Charlie Crane : un cocon douillet pour nouveau-n\u00e9"}]},{"@type":"WebSite","@id":"https:\/\/lepestacledemaelou.com\/blog\/#website","url":"https:\/\/lepestacledemaelou.com\/blog\/","name":"Le Pestacle de Ma\u00eblou - blog","description":"","publisher":{"@id":"https:\/\/lepestacledemaelou.com\/blog\/#organization"},"potentialAction":[{"@type":"SearchAction","target":{"@type":"EntryPoint","urlTemplate":"https:\/\/lepestacledemaelou.com\/blog\/?s={search_term_string}"},"query-input":"required name=search_term_string"}],"inLanguage":"fr-FR"},{"@type":"Organization","@id":"https:\/\/lepestacledemaelou.com\/blog\/#organization","name":"Le Pestacle de Maelou","url":"https:\/\/lepestacledemaelou.com\/blog\/","sameAs":["https:\/\/instagram.com\/lepestacledemaelou\/","https:\/\/www.facebook.com\/lepestacledemaelou","https:\/\/twitter.com\/PestacleMaelou"],"logo":{"@type":"ImageObject","inLanguage":"fr-FR","@id":"https:\/\/lepestacledemaelou.com\/blog\/#\/schema\/logo\/image\/","url":"https:\/\/lepestacledemaelou.com\/blog\/wp-content\/uploads\/2021\/08\/Logo-blog-maelou.svg","contentUrl":"https:\/\/lepestacledemaelou.com\/blog\/wp-content\/uploads\/2021\/08\/Logo-blog-maelou.svg","width":"1024","height":"1024","caption":"Le Pestacle de Maelou"},"image":{"@id":"https:\/\/lepestacledemaelou.com\/blog\/#\/schema\/logo\/image\/"}},{"@type":"Person","@id":"https:\/\/lepestacledemaelou.com\/blog\/#\/schema\/person\/6b92e56ea8a01676a21ace6c8f9cd9b2","name":"Maeva Laniece","image":{"@type":"ImageObject","inLanguage":"fr-FR","@id":"https:\/\/lepestacledemaelou.com\/blog\/#\/schema\/person\/image\/","url":"https:\/\/secure.gravatar.com\/avatar\/c08b82eccb291c3efb4663881320a169?s=96&d=mm&r=g","contentUrl":"https:\/\/secure.gravatar.com\/avatar\/c08b82eccb291c3efb4663881320a169?s=96&d=mm&r=g","caption":"Maeva Laniece"}}]}},"_links":{"self":[{"href":"https:\/\/lepestacledemaelou.com\/blog\/wp-json\/wp\/v2\/posts\/1524"}],"collection":[{"href":"https:\/\/lepestacledemaelou.com\/blog\/wp-json\/wp\/v2\/posts"}],"about":[{"href":"https:\/\/lepestacledemaelou.com\/blog\/wp-json\/wp\/v2\/types\/post"}],"author":[{"embeddable":true,"href":"https:\/\/lepestacledemaelou.com\/blog\/wp-json\/wp\/v2\/users\/6"}],"replies":[{"embeddable":true,"href":"https:\/\/lepestacledemaelou.com\/blog\/wp-json\/wp\/v2\/comments?post=1524"}],"version-history":[{"count":28,"href":"https:\/\/lepestacledemaelou.com\/blog\/wp-json\/wp\/v2\/posts\/1524\/revisions"}],"predecessor-version":[{"id":1585,"href":"https:\/\/lepestacledemaelou.com\/blog\/wp-json\/wp\/v2\/posts\/1524\/revisions\/1585"}],"wp:featuredmedia":[{"embeddable":true,"href":"https:\/\/lepestacledemaelou.com\/blog\/wp-json\/wp\/v2\/media\/1525"}],"wp:attachment":[{"href":"https:\/\/lepestacledemaelou.com\/blog\/wp-json\/wp\/v2\/media?parent=1524"}],"wp:term":[{"taxonomy":"category","embeddable":true,"href":"https:\/\/lepestacledemaelou.com\/blog\/wp-json\/wp\/v2\/categories?post=1524"},{"taxonomy":"post_tag","embeddable":true,"href":"https:\/\/lepestacledemaelou.com\/blog\/wp-json\/wp\/v2\/tags?post=1524"}],"curies":[{"name":"wp","href":"https:\/\/api.w.org\/{rel}","templated":true}]}}