{"id":1743,"date":"2025-03-18T14:05:06","date_gmt":"2025-03-18T13:05:06","guid":{"rendered":"https:\/\/lepestacledemaelou.com\/blog\/?p=1743"},"modified":"2025-03-18T14:05:06","modified_gmt":"2025-03-18T13:05:06","slug":"nouveautes-minois-des-soins-maman-efficaces-et-reconfortants","status":"publish","type":"post","link":"https:\/\/lepestacledemaelou.com\/blog\/nouveautes-minois-des-soins-maman-efficaces-et-reconfortants\/","title":{"rendered":"Nouveaut\u00e9s Minois : des soins maman efficaces et r\u00e9confortants"},"content":{"rendered":"<p data-start=\"279\" data-end=\"925\">Vous connaissez d\u00e9j\u00e0 Minois Paris, la marque fran\u00e7aise de soins d\u00e9di\u00e9s aux enfants avec des produits de qualit\u00e9, con\u00e7us pour respecter la peau fragile des plus petits. Leur soins sont doux et efficaces, tout en restant attentifs \u00e0 la pr\u00e9servation de l&rsquo;environnement.<\/p>\n<p data-start=\"279\" data-end=\"925\">D\u00e9sormais, la marque propose une gamme de soins d\u00e9di\u00e9s aux mamans qui r\u00e9pondent aux besoins sp\u00e9cifiques de la p\u00e9riode pendant et apr\u00e8s grossesse.<\/p>\n<p data-start=\"279\" data-end=\"925\"><strong>Le Baume fondant, un soin gourmand et efficace<\/strong><\/p>\n<p data-start=\"1849\" data-end=\"2488\"><a href=\"https:\/\/lepestacledemaelou.com\/hydratant\/8063-baume-fondant.html\" target=\"_blank\" rel=\"noopener\"><img decoding=\"async\" loading=\"lazy\" class=\"aligncenter wp-image-1750 size-full\" src=\"https:\/\/lepestacledemaelou.com\/blog\/wp-content\/uploads\/2025\/03\/baume-fondant.jpg\" alt=\"\" width=\"800\" height=\"800\" srcset=\"https:\/\/lepestacledemaelou.com\/blog\/wp-content\/uploads\/2025\/03\/baume-fondant.jpg 800w, https:\/\/lepestacledemaelou.com\/blog\/wp-content\/uploads\/2025\/03\/baume-fondant-300x300.jpg 300w, https:\/\/lepestacledemaelou.com\/blog\/wp-content\/uploads\/2025\/03\/baume-fondant-150x150.jpg 150w, https:\/\/lepestacledemaelou.com\/blog\/wp-content\/uploads\/2025\/03\/baume-fondant-768x768.jpg 768w\" sizes=\"(max-width: 800px) 100vw, 800px\" \/><\/a><\/p>\n<p style=\"text-align: center;\" data-start=\"1849\" data-end=\"2488\"><a href=\"https:\/\/lepestacledemaelou.com\/hydratant\/8063-baume-fondant.html\" target=\"_blank\" rel=\"noopener\">Baume Fondant, Minois Paris \u00e0 40\u20ac sur lepestacledemaelou.com<\/a><\/p>\n<p data-start=\"1849\" data-end=\"2488\">Le Baume Fondant, v\u00e9ritable star de cette gamme, a \u00e9t\u00e9 con\u00e7u pour nourrir et apaiser la peau des futures ou jeunes mamans, souvent fragilis\u00e9e pendant cette p\u00e9riode. Ce soin est parfait pour accompagner les femmes d\u00e8s les premiers jours de la grossesse, pendant le post-partum et durant l&rsquo;allaitement.<\/p>\n<p data-start=\"1849\" data-end=\"2488\">Le Baume Fondant\u00a0est enrichi en\u00a0Dermochlorella D, une micro-algue verte mill\u00e9naire aux nombreux bienfaits, associ\u00e9e \u00e0 trois puissants actifs v\u00e9g\u00e9taux bio : beurre de karit\u00e9, huile d&rsquo;avocat et alo\u00e9 vera. Il fond instantan\u00e9ment sur la peau. Ce soin aide \u00e0 pr\u00e9venir la s\u00e9cheresse et l\u2019apparition de vergetures, tout en apportant une agr\u00e9able sensation de relaxation.<\/p>\n<p data-start=\"1849\" data-end=\"2488\">Son odeur est gourmande. Sa texture cr\u00e8me \u00e9paisse est tr\u00e8s agr\u00e9able \u00e0 \u00e9taler. Le Baume Fondant procure imm\u00e9diatement une sensation de douceur et de velours sur la peau. On peut en appliquer autant que n\u00e9cessaire dans la journ\u00e9e. Elle soulage efficacement les sensations de tiraillement et de d\u00e9mangeaisons. Il n&rsquo;est pas n\u00e9cessaire de rincer pour l&rsquo;allaitement.<\/p>\n<p data-start=\"1849\" data-end=\"2488\"><strong>L&rsquo;huile G\u00e9n\u00e9reuse pour une peau plus souple et d\u00e9tendue<\/strong><\/p>\n<p data-start=\"2490\" data-end=\"3087\"><a href=\"https:\/\/lepestacledemaelou.com\/hydratant\/7898-huile-genereuse.html\" target=\"_blank\" rel=\"noopener\"><img decoding=\"async\" loading=\"lazy\" class=\"aligncenter wp-image-1751 size-full\" src=\"https:\/\/lepestacledemaelou.com\/blog\/wp-content\/uploads\/2025\/03\/huile-genereuse.jpg\" alt=\"\" width=\"800\" height=\"800\" srcset=\"https:\/\/lepestacledemaelou.com\/blog\/wp-content\/uploads\/2025\/03\/huile-genereuse.jpg 800w, https:\/\/lepestacledemaelou.com\/blog\/wp-content\/uploads\/2025\/03\/huile-genereuse-300x300.jpg 300w, https:\/\/lepestacledemaelou.com\/blog\/wp-content\/uploads\/2025\/03\/huile-genereuse-150x150.jpg 150w, https:\/\/lepestacledemaelou.com\/blog\/wp-content\/uploads\/2025\/03\/huile-genereuse-768x768.jpg 768w\" sizes=\"(max-width: 800px) 100vw, 800px\" \/><\/a><\/p>\n<p style=\"text-align: center;\"><a href=\"https:\/\/lepestacledemaelou.com\/hydratant\/7898-huile-genereuse.html\" target=\"_blank\" rel=\"noopener\">Huile G\u00e9n\u00e9reuse, Minois Paris \u00e0 40\u20ac sur lepestacledemaelou.com<\/a><\/p>\n<p data-start=\"2490\" data-end=\"3087\">L\u2019Huile G\u00e9n\u00e9reuse compl\u00e8te merveilleusement bien le Baume Fondant avec sa formule nourrissante et r\u00e9g\u00e9n\u00e9rante. Pens\u00e9e pour \u00eatre utilis\u00e9e d\u00e8s les premiers jours de la grossesse avec sa formule 100% d\u2019origine naturelle et \u200b\u200briche en Omega 3, 6 et 9, elle accompagne les mamans pendant leur post-partum, l\u2019allaitement et en r\u00e9alit\u00e9 tout au long de leur vie de femme. Elle offre une hydratation en profondeur et aide \u00e0 am\u00e9liorer l\u2019\u00e9lasticit\u00e9 de la peau.<\/p>\n<p data-start=\"2490\" data-end=\"3087\">Appliqu\u00e9e r\u00e9guli\u00e8rement, elle permet \u00e0 la peau de rester souple et bien hydrat\u00e9e, tout en \u00e9tant douce au toucher. Cette huile, l\u00e9g\u00e8re et non grasse, est id\u00e9ale pour les mamans qui souhaitent prendre soin de leur peau pendant cette p\u00e9riode sp\u00e9ciale, en pr\u00e9venant la formation de vergetures tout en offrant une exp\u00e9rience de bien-\u00eatre.<\/p>\n<p data-start=\"2490\" data-end=\"3087\">Elle est \u00e0 appliquer avec des mouvements de massage circulaires pour une bonne p\u00e9n\u00e9tration du produit. Son parfum l\u00e9ger et d\u00e9licat aux notes l\u00e9g\u00e8res de fleur d&rsquo;oranger, a \u00e9t\u00e9 sp\u00e9cifiquement d\u00e9velopp\u00e9 pour la sensibilit\u00e9 de la femme enceinte.<\/p>\n<p>&nbsp;<\/p>\n<p><a href=\"https:\/\/lepestacledemaelou.com\/567-minois\" target=\"_blank\" rel=\"noopener\"><img decoding=\"async\" loading=\"lazy\" class=\"aligncenter wp-image-1744 size-large\" src=\"https:\/\/lepestacledemaelou.com\/blog\/wp-content\/uploads\/2025\/03\/Produits-Minois_ensemble-2-683x1024.jpg\" alt=\"\" width=\"683\" height=\"1024\" srcset=\"https:\/\/lepestacledemaelou.com\/blog\/wp-content\/uploads\/2025\/03\/Produits-Minois_ensemble-2-683x1024.jpg 683w, https:\/\/lepestacledemaelou.com\/blog\/wp-content\/uploads\/2025\/03\/Produits-Minois_ensemble-2-200x300.jpg 200w, https:\/\/lepestacledemaelou.com\/blog\/wp-content\/uploads\/2025\/03\/Produits-Minois_ensemble-2-768x1152.jpg 768w, https:\/\/lepestacledemaelou.com\/blog\/wp-content\/uploads\/2025\/03\/Produits-Minois_ensemble-2-1024x1536.jpg 1024w, https:\/\/lepestacledemaelou.com\/blog\/wp-content\/uploads\/2025\/03\/Produits-Minois_ensemble-2-1365x2048.jpg 1365w, https:\/\/lepestacledemaelou.com\/blog\/wp-content\/uploads\/2025\/03\/Produits-Minois_ensemble-2-scaled.jpg 1707w\" sizes=\"(max-width: 683px) 100vw, 683px\" \/><\/a><\/p>\n<p>Ce ne sont bien s\u00fbr pas les seuls produits que nous adorons&#8230;<\/p>\n<p>Retrouvez notre s\u00e9lection de produits Minois Paris dans notre boutique en ligne <a href=\"https:\/\/lepestacledemaelou.com\/567-minois\" target=\"_blank\" rel=\"noopener\">ICI<\/a>.<\/p>\n","protected":false},"excerpt":{"rendered":"<p>Vous connaissez d\u00e9j\u00e0 Minois Paris, la marque fran\u00e7aise de soins d\u00e9di\u00e9s aux enfants avec des produits de qualit\u00e9, con\u00e7us pour respecter la peau fragile des plus petits. Leur soins sont doux et efficaces, tout en restant attentifs \u00e0 la pr\u00e9servation de l&rsquo;environnement. D\u00e9sormais, la marque propose une gamme de soins d\u00e9di\u00e9s aux mamans qui r\u00e9pondent [&hellip;]<\/p>\n","protected":false},"author":2,"featured_media":1752,"comment_status":"closed","ping_status":"closed","sticky":false,"template":"","format":"standard","meta":{"inline_featured_image":false},"categories":[16,7,8,5],"tags":[],"yoast_head":"<!-- This site is optimized with the Yoast SEO plugin v19.8 - https:\/\/yoast.com\/wordpress\/plugins\/seo\/ -->\n<title>Nouveaut\u00e9s Minois : des soins maman efficaces et r\u00e9confortants - Le Pestacle de Ma\u00eblou - blog<\/title>\n<meta name=\"robots\" content=\"index, follow, max-snippet:-1, max-image-preview:large, max-video-preview:-1\" \/>\n<link rel=\"canonical\" href=\"https:\/\/lepestacledemaelou.com\/blog\/nouveautes-minois-des-soins-maman-efficaces-et-reconfortants\/\" \/>\n<meta property=\"og:locale\" content=\"fr_FR\" \/>\n<meta property=\"og:type\" content=\"article\" \/>\n<meta property=\"og:title\" content=\"Nouveaut\u00e9s Minois : des soins maman efficaces et r\u00e9confortants - Le Pestacle de Ma\u00eblou - blog\" \/>\n<meta property=\"og:description\" content=\"Vous connaissez d\u00e9j\u00e0 Minois Paris, la marque fran\u00e7aise de soins d\u00e9di\u00e9s aux enfants avec des produits de qualit\u00e9, con\u00e7us pour respecter la peau fragile des plus petits. Leur soins sont doux et efficaces, tout en restant attentifs \u00e0 la pr\u00e9servation de l&rsquo;environnement. D\u00e9sormais, la marque propose une gamme de soins d\u00e9di\u00e9s aux mamans qui r\u00e9pondent [&hellip;]\" \/>\n<meta property=\"og:url\" content=\"https:\/\/lepestacledemaelou.com\/blog\/nouveautes-minois-des-soins-maman-efficaces-et-reconfortants\/\" \/>\n<meta property=\"og:site_name\" content=\"Le Pestacle de Ma\u00eblou - blog\" \/>\n<meta property=\"article:publisher\" content=\"https:\/\/www.facebook.com\/lepestacledemaelou\" \/>\n<meta property=\"article:published_time\" content=\"2025-03-18T13:05:06+00:00\" \/>\n<meta property=\"og:image\" content=\"https:\/\/lepestacledemaelou.com\/blog\/wp-content\/uploads\/2025\/03\/Soins-maman-Minois-2.jpg\" \/>\n\t<meta property=\"og:image:width\" content=\"1024\" \/>\n\t<meta property=\"og:image:height\" content=\"1536\" \/>\n\t<meta property=\"og:image:type\" content=\"image\/jpeg\" \/>\n<meta name=\"author\" content=\"S\u00e9l\u00e8ne\" \/>\n<meta name=\"twitter:card\" content=\"summary_large_image\" \/>\n<meta name=\"twitter:creator\" content=\"@PestacleMaelou\" \/>\n<meta name=\"twitter:site\" content=\"@PestacleMaelou\" \/>\n<meta name=\"twitter:label1\" content=\"\u00c9crit par\" \/>\n\t<meta name=\"twitter:data1\" content=\"S\u00e9l\u00e8ne\" \/>\n\t<meta name=\"twitter:label2\" content=\"Dur\u00e9e de lecture estim\u00e9e\" \/>\n\t<meta name=\"twitter:data2\" content=\"3 minutes\" \/>\n<script type=\"application\/ld+json\" class=\"yoast-schema-graph\">{\"@context\":\"https:\/\/schema.org\",\"@graph\":[{\"@type\":\"Article\",\"@id\":\"https:\/\/lepestacledemaelou.com\/blog\/nouveautes-minois-des-soins-maman-efficaces-et-reconfortants\/#article\",\"isPartOf\":{\"@id\":\"https:\/\/lepestacledemaelou.com\/blog\/nouveautes-minois-des-soins-maman-efficaces-et-reconfortants\/\"},\"author\":{\"name\":\"S\u00e9l\u00e8ne\",\"@id\":\"https:\/\/lepestacledemaelou.com\/blog\/#\/schema\/person\/0e5981ea5463bde594755a913531a806\"},\"headline\":\"Nouveaut\u00e9s Minois : des soins maman efficaces et r\u00e9confortants\",\"datePublished\":\"2025-03-18T13:05:06+00:00\",\"dateModified\":\"2025-03-18T13:05:06+00:00\",\"mainEntityOfPage\":{\"@id\":\"https:\/\/lepestacledemaelou.com\/blog\/nouveautes-minois-des-soins-maman-efficaces-et-reconfortants\/\"},\"wordCount\":521,\"publisher\":{\"@id\":\"https:\/\/lepestacledemaelou.com\/blog\/#organization\"},\"articleSection\":[\"Accueil\",\"Choix des parents\",\"Coups de coeur\",\"Nouveaut\u00e9s\"],\"inLanguage\":\"fr-FR\"},{\"@type\":\"WebPage\",\"@id\":\"https:\/\/lepestacledemaelou.com\/blog\/nouveautes-minois-des-soins-maman-efficaces-et-reconfortants\/\",\"url\":\"https:\/\/lepestacledemaelou.com\/blog\/nouveautes-minois-des-soins-maman-efficaces-et-reconfortants\/\",\"name\":\"Nouveaut\u00e9s Minois : des soins maman efficaces et r\u00e9confortants - Le Pestacle de Ma\u00eblou - blog\",\"isPartOf\":{\"@id\":\"https:\/\/lepestacledemaelou.com\/blog\/#website\"},\"datePublished\":\"2025-03-18T13:05:06+00:00\",\"dateModified\":\"2025-03-18T13:05:06+00:00\",\"breadcrumb\":{\"@id\":\"https:\/\/lepestacledemaelou.com\/blog\/nouveautes-minois-des-soins-maman-efficaces-et-reconfortants\/#breadcrumb\"},\"inLanguage\":\"fr-FR\",\"potentialAction\":[{\"@type\":\"ReadAction\",\"target\":[\"https:\/\/lepestacledemaelou.com\/blog\/nouveautes-minois-des-soins-maman-efficaces-et-reconfortants\/\"]}]},{\"@type\":\"BreadcrumbList\",\"@id\":\"https:\/\/lepestacledemaelou.com\/blog\/nouveautes-minois-des-soins-maman-efficaces-et-reconfortants\/#breadcrumb\",\"itemListElement\":[{\"@type\":\"ListItem\",\"position\":1,\"name\":\"Accueil\",\"item\":\"https:\/\/lepestacledemaelou.com\/blog\/\"},{\"@type\":\"ListItem\",\"position\":2,\"name\":\"Nouveaut\u00e9s Minois : des soins maman efficaces et r\u00e9confortants\"}]},{\"@type\":\"WebSite\",\"@id\":\"https:\/\/lepestacledemaelou.com\/blog\/#website\",\"url\":\"https:\/\/lepestacledemaelou.com\/blog\/\",\"name\":\"Le Pestacle de Ma\u00eblou - blog\",\"description\":\"\",\"publisher\":{\"@id\":\"https:\/\/lepestacledemaelou.com\/blog\/#organization\"},\"potentialAction\":[{\"@type\":\"SearchAction\",\"target\":{\"@type\":\"EntryPoint\",\"urlTemplate\":\"https:\/\/lepestacledemaelou.com\/blog\/?s={search_term_string}\"},\"query-input\":\"required name=search_term_string\"}],\"inLanguage\":\"fr-FR\"},{\"@type\":\"Organization\",\"@id\":\"https:\/\/lepestacledemaelou.com\/blog\/#organization\",\"name\":\"Le Pestacle de Maelou\",\"url\":\"https:\/\/lepestacledemaelou.com\/blog\/\",\"sameAs\":[\"https:\/\/instagram.com\/lepestacledemaelou\/\",\"https:\/\/www.facebook.com\/lepestacledemaelou\",\"https:\/\/twitter.com\/PestacleMaelou\"],\"logo\":{\"@type\":\"ImageObject\",\"inLanguage\":\"fr-FR\",\"@id\":\"https:\/\/lepestacledemaelou.com\/blog\/#\/schema\/logo\/image\/\",\"url\":\"https:\/\/lepestacledemaelou.com\/blog\/wp-content\/uploads\/2021\/08\/Logo-blog-maelou.svg\",\"contentUrl\":\"https:\/\/lepestacledemaelou.com\/blog\/wp-content\/uploads\/2021\/08\/Logo-blog-maelou.svg\",\"width\":\"1024\",\"height\":\"1024\",\"caption\":\"Le Pestacle de Maelou\"},\"image\":{\"@id\":\"https:\/\/lepestacledemaelou.com\/blog\/#\/schema\/logo\/image\/\"}},{\"@type\":\"Person\",\"@id\":\"https:\/\/lepestacledemaelou.com\/blog\/#\/schema\/person\/0e5981ea5463bde594755a913531a806\",\"name\":\"S\u00e9l\u00e8ne\",\"image\":{\"@type\":\"ImageObject\",\"inLanguage\":\"fr-FR\",\"@id\":\"https:\/\/lepestacledemaelou.com\/blog\/#\/schema\/person\/image\/\",\"url\":\"https:\/\/secure.gravatar.com\/avatar\/f14f2657c8955250bb3f16715ea150b3?s=96&d=mm&r=g\",\"contentUrl\":\"https:\/\/secure.gravatar.com\/avatar\/f14f2657c8955250bb3f16715ea150b3?s=96&d=mm&r=g\",\"caption\":\"S\u00e9l\u00e8ne\"},\"sameAs\":[\"https:\/\/lepestacledemaelou.com\"]}]}<\/script>\n<!-- \/ Yoast SEO plugin. -->","yoast_head_json":{"title":"Nouveaut\u00e9s Minois : des soins maman efficaces et r\u00e9confortants - Le Pestacle de Ma\u00eblou - blog","robots":{"index":"index","follow":"follow","max-snippet":"max-snippet:-1","max-image-preview":"max-image-preview:large","max-video-preview":"max-video-preview:-1"},"canonical":"https:\/\/lepestacledemaelou.com\/blog\/nouveautes-minois-des-soins-maman-efficaces-et-reconfortants\/","og_locale":"fr_FR","og_type":"article","og_title":"Nouveaut\u00e9s Minois : des soins maman efficaces et r\u00e9confortants - Le Pestacle de Ma\u00eblou - blog","og_description":"Vous connaissez d\u00e9j\u00e0 Minois Paris, la marque fran\u00e7aise de soins d\u00e9di\u00e9s aux enfants avec des produits de qualit\u00e9, con\u00e7us pour respecter la peau fragile des plus petits. Leur soins sont doux et efficaces, tout en restant attentifs \u00e0 la pr\u00e9servation de l&rsquo;environnement. D\u00e9sormais, la marque propose une gamme de soins d\u00e9di\u00e9s aux mamans qui r\u00e9pondent [&hellip;]","og_url":"https:\/\/lepestacledemaelou.com\/blog\/nouveautes-minois-des-soins-maman-efficaces-et-reconfortants\/","og_site_name":"Le Pestacle de Ma\u00eblou - blog","article_publisher":"https:\/\/www.facebook.com\/lepestacledemaelou","article_published_time":"2025-03-18T13:05:06+00:00","og_image":[{"width":1024,"height":1536,"url":"https:\/\/lepestacledemaelou.com\/blog\/wp-content\/uploads\/2025\/03\/Soins-maman-Minois-2.jpg","type":"image\/jpeg"}],"author":"S\u00e9l\u00e8ne","twitter_card":"summary_large_image","twitter_creator":"@PestacleMaelou","twitter_site":"@PestacleMaelou","twitter_misc":{"\u00c9crit par":"S\u00e9l\u00e8ne","Dur\u00e9e de lecture estim\u00e9e":"3 minutes"},"schema":{"@context":"https:\/\/schema.org","@graph":[{"@type":"Article","@id":"https:\/\/lepestacledemaelou.com\/blog\/nouveautes-minois-des-soins-maman-efficaces-et-reconfortants\/#article","isPartOf":{"@id":"https:\/\/lepestacledemaelou.com\/blog\/nouveautes-minois-des-soins-maman-efficaces-et-reconfortants\/"},"author":{"name":"S\u00e9l\u00e8ne","@id":"https:\/\/lepestacledemaelou.com\/blog\/#\/schema\/person\/0e5981ea5463bde594755a913531a806"},"headline":"Nouveaut\u00e9s Minois : des soins maman efficaces et r\u00e9confortants","datePublished":"2025-03-18T13:05:06+00:00","dateModified":"2025-03-18T13:05:06+00:00","mainEntityOfPage":{"@id":"https:\/\/lepestacledemaelou.com\/blog\/nouveautes-minois-des-soins-maman-efficaces-et-reconfortants\/"},"wordCount":521,"publisher":{"@id":"https:\/\/lepestacledemaelou.com\/blog\/#organization"},"articleSection":["Accueil","Choix des parents","Coups de coeur","Nouveaut\u00e9s"],"inLanguage":"fr-FR"},{"@type":"WebPage","@id":"https:\/\/lepestacledemaelou.com\/blog\/nouveautes-minois-des-soins-maman-efficaces-et-reconfortants\/","url":"https:\/\/lepestacledemaelou.com\/blog\/nouveautes-minois-des-soins-maman-efficaces-et-reconfortants\/","name":"Nouveaut\u00e9s Minois : des soins maman efficaces et r\u00e9confortants - Le Pestacle de Ma\u00eblou - blog","isPartOf":{"@id":"https:\/\/lepestacledemaelou.com\/blog\/#website"},"datePublished":"2025-03-18T13:05:06+00:00","dateModified":"2025-03-18T13:05:06+00:00","breadcrumb":{"@id":"https:\/\/lepestacledemaelou.com\/blog\/nouveautes-minois-des-soins-maman-efficaces-et-reconfortants\/#breadcrumb"},"inLanguage":"fr-FR","potentialAction":[{"@type":"ReadAction","target":["https:\/\/lepestacledemaelou.com\/blog\/nouveautes-minois-des-soins-maman-efficaces-et-reconfortants\/"]}]},{"@type":"BreadcrumbList","@id":"https:\/\/lepestacledemaelou.com\/blog\/nouveautes-minois-des-soins-maman-efficaces-et-reconfortants\/#breadcrumb","itemListElement":[{"@type":"ListItem","position":1,"name":"Accueil","item":"https:\/\/lepestacledemaelou.com\/blog\/"},{"@type":"ListItem","position":2,"name":"Nouveaut\u00e9s Minois : des soins maman efficaces et r\u00e9confortants"}]},{"@type":"WebSite","@id":"https:\/\/lepestacledemaelou.com\/blog\/#website","url":"https:\/\/lepestacledemaelou.com\/blog\/","name":"Le Pestacle de Ma\u00eblou - blog","description":"","publisher":{"@id":"https:\/\/lepestacledemaelou.com\/blog\/#organization"},"potentialAction":[{"@type":"SearchAction","target":{"@type":"EntryPoint","urlTemplate":"https:\/\/lepestacledemaelou.com\/blog\/?s={search_term_string}"},"query-input":"required name=search_term_string"}],"inLanguage":"fr-FR"},{"@type":"Organization","@id":"https:\/\/lepestacledemaelou.com\/blog\/#organization","name":"Le Pestacle de Maelou","url":"https:\/\/lepestacledemaelou.com\/blog\/","sameAs":["https:\/\/instagram.com\/lepestacledemaelou\/","https:\/\/www.facebook.com\/lepestacledemaelou","https:\/\/twitter.com\/PestacleMaelou"],"logo":{"@type":"ImageObject","inLanguage":"fr-FR","@id":"https:\/\/lepestacledemaelou.com\/blog\/#\/schema\/logo\/image\/","url":"https:\/\/lepestacledemaelou.com\/blog\/wp-content\/uploads\/2021\/08\/Logo-blog-maelou.svg","contentUrl":"https:\/\/lepestacledemaelou.com\/blog\/wp-content\/uploads\/2021\/08\/Logo-blog-maelou.svg","width":"1024","height":"1024","caption":"Le Pestacle de Maelou"},"image":{"@id":"https:\/\/lepestacledemaelou.com\/blog\/#\/schema\/logo\/image\/"}},{"@type":"Person","@id":"https:\/\/lepestacledemaelou.com\/blog\/#\/schema\/person\/0e5981ea5463bde594755a913531a806","name":"S\u00e9l\u00e8ne","image":{"@type":"ImageObject","inLanguage":"fr-FR","@id":"https:\/\/lepestacledemaelou.com\/blog\/#\/schema\/person\/image\/","url":"https:\/\/secure.gravatar.com\/avatar\/f14f2657c8955250bb3f16715ea150b3?s=96&d=mm&r=g","contentUrl":"https:\/\/secure.gravatar.com\/avatar\/f14f2657c8955250bb3f16715ea150b3?s=96&d=mm&r=g","caption":"S\u00e9l\u00e8ne"},"sameAs":["https:\/\/lepestacledemaelou.com"]}]}},"_links":{"self":[{"href":"https:\/\/lepestacledemaelou.com\/blog\/wp-json\/wp\/v2\/posts\/1743"}],"collection":[{"href":"https:\/\/lepestacledemaelou.com\/blog\/wp-json\/wp\/v2\/posts"}],"about":[{"href":"https:\/\/lepestacledemaelou.com\/blog\/wp-json\/wp\/v2\/types\/post"}],"author":[{"embeddable":true,"href":"https:\/\/lepestacledemaelou.com\/blog\/wp-json\/wp\/v2\/users\/2"}],"replies":[{"embeddable":true,"href":"https:\/\/lepestacledemaelou.com\/blog\/wp-json\/wp\/v2\/comments?post=1743"}],"version-history":[{"count":10,"href":"https:\/\/lepestacledemaelou.com\/blog\/wp-json\/wp\/v2\/posts\/1743\/revisions"}],"predecessor-version":[{"id":1758,"href":"https:\/\/lepestacledemaelou.com\/blog\/wp-json\/wp\/v2\/posts\/1743\/revisions\/1758"}],"wp:featuredmedia":[{"embeddable":true,"href":"https:\/\/lepestacledemaelou.com\/blog\/wp-json\/wp\/v2\/media\/1752"}],"wp:attachment":[{"href":"https:\/\/lepestacledemaelou.com\/blog\/wp-json\/wp\/v2\/media?parent=1743"}],"wp:term":[{"taxonomy":"category","embeddable":true,"href":"https:\/\/lepestacledemaelou.com\/blog\/wp-json\/wp\/v2\/categories?post=1743"},{"taxonomy":"post_tag","embeddable":true,"href":"https:\/\/lepestacledemaelou.com\/blog\/wp-json\/wp\/v2\/tags?post=1743"}],"curies":[{"name":"wp","href":"https:\/\/api.w.org\/{rel}","templated":true}]}}