{"id":1759,"date":"2025-05-10T16:38:28","date_gmt":"2025-05-10T14:38:28","guid":{"rendered":"https:\/\/lepestacledemaelou.com\/blog\/?p=1759"},"modified":"2025-10-17T18:12:09","modified_gmt":"2025-10-17T16:12:09","slug":"mobilier-et-literie-bebe-kadolis","status":"publish","type":"post","link":"https:\/\/lepestacledemaelou.com\/blog\/mobilier-et-literie-bebe-kadolis\/","title":{"rendered":"Mobilier et literie b\u00e9b\u00e9 Kadolis"},"content":{"rendered":"<p data-start=\"211\" data-end=\"253\">Kadolis est une marque fran\u00e7aise sp\u00e9cialis\u00e9e\u00a0dans les articles de literie tels que les matelas, les couettes et les oreillers ou encore les al\u00e8ses et les draps de qualit\u00e9 premium. Kadolis privil\u00e9gie des mat\u00e9riaux naturels comme le latex, la fibre de coco, la fibre d&rsquo;eucalyptus (Tencel TM) et le coton bio. Tous les articles sont fabriqu\u00e9s en Europe avec des engagements \u00e9co-responsables.<\/p>\n<p data-start=\"211\" data-end=\"253\">D\u00e9sormais, la marque propose des lits b\u00e9b\u00e9 bien pens\u00e9s en bois massif naturel.<\/p>\n<p data-start=\"211\" data-end=\"253\"><strong>Les Lits Turia : le confort au naturel<\/strong><\/p>\n<p data-start=\"255\" data-end=\"750\">Les lits b\u00e9b\u00e9 Turia sont con\u00e7us pour offrir aux b\u00e9b\u00e9s un sommeil serein. Leur structure en bois massif de h\u00eatre garantit solidit\u00e9 et durabilit\u00e9.<\/p>\n<p data-start=\"255\" data-end=\"750\">Ces lits sont particuli\u00e8rement appr\u00e9ci\u00e9s pour leur design simple et \u00e9pur\u00e9 qui s&rsquo;int\u00e8gre facilement dans toutes les chambres. En plus de leur esth\u00e9tique, ils sont fabriqu\u00e9s \u00e0 partir de mat\u00e9riaux responsables, respectueux de l&rsquo;environnement, avec du bois certifi\u00e9 PEFC et de la cire d&rsquo;abeille naturelle pour leur finition.<\/p>\n<p data-start=\"255\" data-end=\"750\">Les lits Turia sont disponibles en 2 couchages : 60 x 120 cm (0-3 ans) et 70 x 140 cm (0-6 ans).<\/p>\n<p data-start=\"255\" data-end=\"750\">La version 70 x 140 cm inclut des mini barri\u00e8res qui viendront remplacer un c\u00f4t\u00e9 du lit \u00e0 barreaux pour l&rsquo;ouvrir. Ainsi, il pourra accompagner votre enfant vers plus d&rsquo;autonomie quand il sera pr\u00eat.<\/p>\n<p><img decoding=\"async\" loading=\"lazy\" class=\"aligncenter wp-image-1768 size-large\" src=\"https:\/\/lepestacledemaelou.com\/blog\/wp-content\/uploads\/2025\/05\/post-15-1-1024x1024.png\" alt=\"Lit Turia 70 x 140 cm avec barri\u00e8res de s\u00e9curit\u00e9\" width=\"800\" height=\"800\" srcset=\"https:\/\/lepestacledemaelou.com\/blog\/wp-content\/uploads\/2025\/05\/post-15-1-1024x1024.png 1024w, https:\/\/lepestacledemaelou.com\/blog\/wp-content\/uploads\/2025\/05\/post-15-1-300x300.png 300w, https:\/\/lepestacledemaelou.com\/blog\/wp-content\/uploads\/2025\/05\/post-15-1-150x150.png 150w, https:\/\/lepestacledemaelou.com\/blog\/wp-content\/uploads\/2025\/05\/post-15-1-768x768.png 768w, https:\/\/lepestacledemaelou.com\/blog\/wp-content\/uploads\/2025\/05\/post-15-1.png 1080w\" sizes=\"(max-width: 800px) 100vw, 800px\" \/><\/p>\n<p data-start=\"255\" data-end=\"750\">Enfin, un des avantages du lit Turia est qu&rsquo;il est possible de retirer les pieds pour obtenir un lit pos\u00e9 au sol.<\/p>\n<p data-start=\"255\" data-end=\"750\"><a href=\"https:\/\/lepestacledemaelou.com\/lit-berceau\/8181-lit-bebe-turia-60-x-120-cm.html\" target=\"_blank\" rel=\"noopener\"><img decoding=\"async\" loading=\"lazy\" class=\"aligncenter wp-image-1770 size-full\" src=\"https:\/\/lepestacledemaelou.com\/blog\/wp-content\/uploads\/2025\/05\/lit-bebe-turia-60-x-120-cm.jpg\" alt=\"Lit b\u00e9b\u00e9 Turia de Kadolis en naturel\" width=\"800\" height=\"800\" srcset=\"https:\/\/lepestacledemaelou.com\/blog\/wp-content\/uploads\/2025\/05\/lit-bebe-turia-60-x-120-cm.jpg 800w, https:\/\/lepestacledemaelou.com\/blog\/wp-content\/uploads\/2025\/05\/lit-bebe-turia-60-x-120-cm-300x300.jpg 300w, https:\/\/lepestacledemaelou.com\/blog\/wp-content\/uploads\/2025\/05\/lit-bebe-turia-60-x-120-cm-150x150.jpg 150w, https:\/\/lepestacledemaelou.com\/blog\/wp-content\/uploads\/2025\/05\/lit-bebe-turia-60-x-120-cm-768x768.jpg 768w\" sizes=\"(max-width: 800px) 100vw, 800px\" \/><\/a><\/p>\n<p style=\"text-align: center;\" data-start=\"255\" data-end=\"750\"><a href=\"https:\/\/lepestacledemaelou.com\/lit-berceau\/8181-lit-bebe-turia-60-x-120-cm.html\" target=\"_blank\" rel=\"noopener\">Lit b\u00e9b\u00e9 Turia en 60 x 120 cm, Kadolis \u00e0 319,90\u20ac sur lepestacledemaelou.com<\/a><\/p>\n<p style=\"text-align: center;\" data-start=\"255\" data-end=\"750\"><a href=\"https:\/\/lepestacledemaelou.com\/lit-berceau\/8182-lit-bebe-evolutif-turia-70-x-140-cm.html\" target=\"_blank\" rel=\"noopener\">Lit b\u00e9b\u00e9 Turia en 70 x 140 cm, Kadolis \u00e0 549\u20ac sur lepestacledemaelou.com<\/a><\/p>\n<p data-start=\"1356\" data-end=\"1426\">Au Pestacle de Ma\u00eblou, nous avons s\u00e9lectionn\u00e9 deux matelas \u00e9co-responsables qui s&rsquo;adaptent aux besoins des enfants en r\u00e9pondant aux attentes des parents.<\/p>\n<p data-start=\"1356\" data-end=\"1426\"><a href=\"https:\/\/lepestacledemaelou.com\/matelas\/8064-matelas-bebe-cocolegend.html\" target=\"_blank\" rel=\"noopener\"><img decoding=\"async\" loading=\"lazy\" class=\"aligncenter wp-image-1772 size-large\" src=\"https:\/\/lepestacledemaelou.com\/blog\/wp-content\/uploads\/2025\/05\/matelas-bebe-cocolegend-946x1024.jpg\" alt=\"Matelas Kadolis\" width=\"800\" height=\"866\" srcset=\"https:\/\/lepestacledemaelou.com\/blog\/wp-content\/uploads\/2025\/05\/matelas-bebe-cocolegend-946x1024.jpg 946w, https:\/\/lepestacledemaelou.com\/blog\/wp-content\/uploads\/2025\/05\/matelas-bebe-cocolegend-277x300.jpg 277w, https:\/\/lepestacledemaelou.com\/blog\/wp-content\/uploads\/2025\/05\/matelas-bebe-cocolegend-768x831.jpg 768w, https:\/\/lepestacledemaelou.com\/blog\/wp-content\/uploads\/2025\/05\/matelas-bebe-cocolegend.jpg 1200w\" sizes=\"(max-width: 800px) 100vw, 800px\" \/><\/a><\/p>\n<p data-start=\"1356\" data-end=\"1426\"><strong>Le matelas Aloe R : douceur et protection pour les peaux sensibles<\/strong><\/p>\n<p>Le\u00a0matelas Aloe R\u00a0est une autre option id\u00e9ale pour les enfants, en particulier ceux ayant une peau d\u00e9licate. Ce matelas est fabriqu\u00e9 avec des mat\u00e9riaux naturels, comme le latex et le coton bio, et est infus\u00e9 \u00e0 l\u2019aloe vera, un ingr\u00e9dient reconnu pour ses propri\u00e9t\u00e9s apaisantes et anti-irritantes.<\/p>\n<p>La densit\u00e9 de la mousse du\u00a0<span class=\"gmail-il\">matelas<\/span> Alo\u00e9 R (12 cm) est d\u2019une densit\u00e9 de 30kg\/m3. Cette densit\u00e9 est un facteur important \u00e0 consid\u00e9rer pour garantir un soutien ad\u00e9quat et un confort appropri\u00e9 pour votre enfant en pleine croissance pendant son sommeil. La densit\u00e9 du latex 70kg\/m3 sur une des faces du\u00a0<span class=\"gmail-il\">matelas<\/span> permet d&rsquo;offrir un bon \u00e9quilibre entre confort et adaptabilit\u00e9.<\/p>\n<p>A noter que la couche de latex et le bloc de mousse sont coll\u00e9s entre eux avec une colle \u00e0 base d&rsquo;eau sans MIT (conservateur m\u00e9thylisothiazolinone).<\/p>\n<p>Il offre un soutien ferme tout en \u00e9tant extr\u00eamement confortable, favorisant un sommeil r\u00e9parateur. Sa housse en tissu doux au toucher est \u00e9galement hypoallerg\u00e9nique, ce qui en fait un choix id\u00e9al pour les peaux sensibles des enfants.<\/p>\n<p>Pour plus d&rsquo;informations, retrouvez le matelas b\u00e9b\u00e9 Aloe R sur lepestacledemaelou.com : <a href=\"https:\/\/lepestacledemaelou.com\/matelas\/8068-matelas-bebe-aloe-r.html\" target=\"_blank\" rel=\"noopener\">ICI<\/a>.<\/p>\n<p data-start=\"752\" data-end=\"821\"><strong>Le matelas Kadolis Cocolegend : un soutien optimal pour un sommeil r\u00e9parateur<\/strong><\/p>\n<p data-start=\"823\" data-end=\"1354\">Le matelas Cocolegend est sp\u00e9cialement con\u00e7u pour offrir \u00e0 votre enfant un bon soutien et un grand confort. Compos\u00e9 de coco et de latex naturel, ce matelas assure une temp\u00e9rature id\u00e9ale pour des nuits sereines.<\/p>\n<p>Le latex est d&rsquo;origine naturelle (densit\u00e9 du latex 90kg\/m3). Il participe au moelleux du matelas.\u00a0La fibre de coco garantit un soutien ferme et une circulation d&rsquo;air optimale. La fibre de coco est 100% naturelle (densit\u00e9 du coco 48kg\/m3) et correspond \u00e0 73% du c\u0153ur du matelas.<\/p>\n<p data-start=\"823\" data-end=\"1354\">Le matelas Cocolegend est hypoallerg\u00e9nique et sans traitement chimique, ce qui en fait un choix parfait pour les enfants ayant la peau sensible. Son enveloppement en latex naturel apporte un confort \u00e9quilibr\u00e9, tandis que la fibre de coco offre un soutien ferme et agr\u00e9able.<\/p>\n<p data-start=\"823\" data-end=\"1354\"><img decoding=\"async\" loading=\"lazy\" class=\"aligncenter wp-image-1771 size-full\" src=\"https:\/\/lepestacledemaelou.com\/blog\/wp-content\/uploads\/2025\/05\/Matelas-Kadolis.jpg\" alt=\"Coupe des matelas Kadolis\" width=\"936\" height=\"640\" srcset=\"https:\/\/lepestacledemaelou.com\/blog\/wp-content\/uploads\/2025\/05\/Matelas-Kadolis.jpg 936w, https:\/\/lepestacledemaelou.com\/blog\/wp-content\/uploads\/2025\/05\/Matelas-Kadolis-300x205.jpg 300w, https:\/\/lepestacledemaelou.com\/blog\/wp-content\/uploads\/2025\/05\/Matelas-Kadolis-768x525.jpg 768w\" sizes=\"(max-width: 936px) 100vw, 936px\" \/><\/p>\n<p data-start=\"823\" data-end=\"1354\">Pour plus d&rsquo;informations, retrouvez le matelas b\u00e9b\u00e9 Cocolegend sur lepestacledemaelou.com : <a href=\"https:\/\/lepestacledemaelou.com\/matelas\/8064-matelas-bebe-cocolegend.html\" target=\"_blank\" rel=\"noopener\">ICI<\/a>.<\/p>\n","protected":false},"excerpt":{"rendered":"<p>Kadolis est une marque fran\u00e7aise sp\u00e9cialis\u00e9e\u00a0dans les articles de literie tels que les matelas, les couettes et les oreillers ou encore les al\u00e8ses et les draps de qualit\u00e9 premium. Kadolis privil\u00e9gie des mat\u00e9riaux naturels comme le latex, la fibre de coco, la fibre d&rsquo;eucalyptus (Tencel TM) et le coton bio. Tous les articles sont fabriqu\u00e9s [&hellip;]<\/p>\n","protected":false},"author":2,"featured_media":1767,"comment_status":"closed","ping_status":"closed","sticky":false,"template":"","format":"standard","meta":{"inline_featured_image":false},"categories":[8,5],"tags":[],"yoast_head":"<!-- This site is optimized with the Yoast SEO plugin v19.8 - https:\/\/yoast.com\/wordpress\/plugins\/seo\/ -->\n<title>Mobilier et literie b\u00e9b\u00e9 Kadolis - Le Pestacle de Ma\u00eblou - blog<\/title>\n<meta name=\"robots\" content=\"index, follow, max-snippet:-1, max-image-preview:large, max-video-preview:-1\" \/>\n<link rel=\"canonical\" href=\"https:\/\/lepestacledemaelou.com\/blog\/mobilier-et-literie-bebe-kadolis\/\" \/>\n<meta property=\"og:locale\" content=\"fr_FR\" \/>\n<meta property=\"og:type\" content=\"article\" \/>\n<meta property=\"og:title\" content=\"Mobilier et literie b\u00e9b\u00e9 Kadolis - Le Pestacle de Ma\u00eblou - blog\" \/>\n<meta property=\"og:description\" content=\"Kadolis est une marque fran\u00e7aise sp\u00e9cialis\u00e9e\u00a0dans les articles de literie tels que les matelas, les couettes et les oreillers ou encore les al\u00e8ses et les draps de qualit\u00e9 premium. Kadolis privil\u00e9gie des mat\u00e9riaux naturels comme le latex, la fibre de coco, la fibre d&rsquo;eucalyptus (Tencel TM) et le coton bio. Tous les articles sont fabriqu\u00e9s [&hellip;]\" \/>\n<meta property=\"og:url\" content=\"https:\/\/lepestacledemaelou.com\/blog\/mobilier-et-literie-bebe-kadolis\/\" \/>\n<meta property=\"og:site_name\" content=\"Le Pestacle de Ma\u00eblou - blog\" \/>\n<meta property=\"article:publisher\" content=\"https:\/\/www.facebook.com\/lepestacledemaelou\" \/>\n<meta property=\"article:published_time\" content=\"2025-05-10T14:38:28+00:00\" \/>\n<meta property=\"article:modified_time\" content=\"2025-10-17T16:12:09+00:00\" \/>\n<meta property=\"og:image\" content=\"https:\/\/lepestacledemaelou.com\/blog\/wp-content\/uploads\/2025\/05\/post-14-1.png\" \/>\n\t<meta property=\"og:image:width\" content=\"1080\" \/>\n\t<meta property=\"og:image:height\" content=\"1080\" \/>\n\t<meta property=\"og:image:type\" content=\"image\/png\" \/>\n<meta name=\"author\" content=\"S\u00e9l\u00e8ne\" \/>\n<meta name=\"twitter:card\" content=\"summary_large_image\" \/>\n<meta name=\"twitter:creator\" content=\"@PestacleMaelou\" \/>\n<meta name=\"twitter:site\" content=\"@PestacleMaelou\" \/>\n<meta name=\"twitter:label1\" content=\"\u00c9crit par\" \/>\n\t<meta name=\"twitter:data1\" content=\"S\u00e9l\u00e8ne\" \/>\n\t<meta name=\"twitter:label2\" content=\"Dur\u00e9e de lecture estim\u00e9e\" \/>\n\t<meta name=\"twitter:data2\" content=\"3 minutes\" \/>\n<script type=\"application\/ld+json\" class=\"yoast-schema-graph\">{\"@context\":\"https:\/\/schema.org\",\"@graph\":[{\"@type\":\"Article\",\"@id\":\"https:\/\/lepestacledemaelou.com\/blog\/mobilier-et-literie-bebe-kadolis\/#article\",\"isPartOf\":{\"@id\":\"https:\/\/lepestacledemaelou.com\/blog\/mobilier-et-literie-bebe-kadolis\/\"},\"author\":{\"name\":\"S\u00e9l\u00e8ne\",\"@id\":\"https:\/\/lepestacledemaelou.com\/blog\/#\/schema\/person\/0e5981ea5463bde594755a913531a806\"},\"headline\":\"Mobilier et literie b\u00e9b\u00e9 Kadolis\",\"datePublished\":\"2025-05-10T14:38:28+00:00\",\"dateModified\":\"2025-10-17T16:12:09+00:00\",\"mainEntityOfPage\":{\"@id\":\"https:\/\/lepestacledemaelou.com\/blog\/mobilier-et-literie-bebe-kadolis\/\"},\"wordCount\":669,\"publisher\":{\"@id\":\"https:\/\/lepestacledemaelou.com\/blog\/#organization\"},\"articleSection\":[\"Coups de coeur\",\"Nouveaut\u00e9s\"],\"inLanguage\":\"fr-FR\"},{\"@type\":\"WebPage\",\"@id\":\"https:\/\/lepestacledemaelou.com\/blog\/mobilier-et-literie-bebe-kadolis\/\",\"url\":\"https:\/\/lepestacledemaelou.com\/blog\/mobilier-et-literie-bebe-kadolis\/\",\"name\":\"Mobilier et literie b\u00e9b\u00e9 Kadolis - Le Pestacle de Ma\u00eblou - blog\",\"isPartOf\":{\"@id\":\"https:\/\/lepestacledemaelou.com\/blog\/#website\"},\"datePublished\":\"2025-05-10T14:38:28+00:00\",\"dateModified\":\"2025-10-17T16:12:09+00:00\",\"breadcrumb\":{\"@id\":\"https:\/\/lepestacledemaelou.com\/blog\/mobilier-et-literie-bebe-kadolis\/#breadcrumb\"},\"inLanguage\":\"fr-FR\",\"potentialAction\":[{\"@type\":\"ReadAction\",\"target\":[\"https:\/\/lepestacledemaelou.com\/blog\/mobilier-et-literie-bebe-kadolis\/\"]}]},{\"@type\":\"BreadcrumbList\",\"@id\":\"https:\/\/lepestacledemaelou.com\/blog\/mobilier-et-literie-bebe-kadolis\/#breadcrumb\",\"itemListElement\":[{\"@type\":\"ListItem\",\"position\":1,\"name\":\"Accueil\",\"item\":\"https:\/\/lepestacledemaelou.com\/blog\/\"},{\"@type\":\"ListItem\",\"position\":2,\"name\":\"Mobilier et literie b\u00e9b\u00e9 Kadolis\"}]},{\"@type\":\"WebSite\",\"@id\":\"https:\/\/lepestacledemaelou.com\/blog\/#website\",\"url\":\"https:\/\/lepestacledemaelou.com\/blog\/\",\"name\":\"Le Pestacle de Ma\u00eblou - blog\",\"description\":\"\",\"publisher\":{\"@id\":\"https:\/\/lepestacledemaelou.com\/blog\/#organization\"},\"potentialAction\":[{\"@type\":\"SearchAction\",\"target\":{\"@type\":\"EntryPoint\",\"urlTemplate\":\"https:\/\/lepestacledemaelou.com\/blog\/?s={search_term_string}\"},\"query-input\":\"required name=search_term_string\"}],\"inLanguage\":\"fr-FR\"},{\"@type\":\"Organization\",\"@id\":\"https:\/\/lepestacledemaelou.com\/blog\/#organization\",\"name\":\"Le Pestacle de Maelou\",\"url\":\"https:\/\/lepestacledemaelou.com\/blog\/\",\"sameAs\":[\"https:\/\/instagram.com\/lepestacledemaelou\/\",\"https:\/\/www.facebook.com\/lepestacledemaelou\",\"https:\/\/twitter.com\/PestacleMaelou\"],\"logo\":{\"@type\":\"ImageObject\",\"inLanguage\":\"fr-FR\",\"@id\":\"https:\/\/lepestacledemaelou.com\/blog\/#\/schema\/logo\/image\/\",\"url\":\"https:\/\/lepestacledemaelou.com\/blog\/wp-content\/uploads\/2021\/08\/Logo-blog-maelou.svg\",\"contentUrl\":\"https:\/\/lepestacledemaelou.com\/blog\/wp-content\/uploads\/2021\/08\/Logo-blog-maelou.svg\",\"width\":\"1024\",\"height\":\"1024\",\"caption\":\"Le Pestacle de Maelou\"},\"image\":{\"@id\":\"https:\/\/lepestacledemaelou.com\/blog\/#\/schema\/logo\/image\/\"}},{\"@type\":\"Person\",\"@id\":\"https:\/\/lepestacledemaelou.com\/blog\/#\/schema\/person\/0e5981ea5463bde594755a913531a806\",\"name\":\"S\u00e9l\u00e8ne\",\"image\":{\"@type\":\"ImageObject\",\"inLanguage\":\"fr-FR\",\"@id\":\"https:\/\/lepestacledemaelou.com\/blog\/#\/schema\/person\/image\/\",\"url\":\"https:\/\/secure.gravatar.com\/avatar\/f14f2657c8955250bb3f16715ea150b3?s=96&d=mm&r=g\",\"contentUrl\":\"https:\/\/secure.gravatar.com\/avatar\/f14f2657c8955250bb3f16715ea150b3?s=96&d=mm&r=g\",\"caption\":\"S\u00e9l\u00e8ne\"},\"sameAs\":[\"https:\/\/lepestacledemaelou.com\"]}]}<\/script>\n<!-- \/ Yoast SEO plugin. -->","yoast_head_json":{"title":"Mobilier et literie b\u00e9b\u00e9 Kadolis - Le Pestacle de Ma\u00eblou - blog","robots":{"index":"index","follow":"follow","max-snippet":"max-snippet:-1","max-image-preview":"max-image-preview:large","max-video-preview":"max-video-preview:-1"},"canonical":"https:\/\/lepestacledemaelou.com\/blog\/mobilier-et-literie-bebe-kadolis\/","og_locale":"fr_FR","og_type":"article","og_title":"Mobilier et literie b\u00e9b\u00e9 Kadolis - Le Pestacle de Ma\u00eblou - blog","og_description":"Kadolis est une marque fran\u00e7aise sp\u00e9cialis\u00e9e\u00a0dans les articles de literie tels que les matelas, les couettes et les oreillers ou encore les al\u00e8ses et les draps de qualit\u00e9 premium. Kadolis privil\u00e9gie des mat\u00e9riaux naturels comme le latex, la fibre de coco, la fibre d&rsquo;eucalyptus (Tencel TM) et le coton bio. Tous les articles sont fabriqu\u00e9s [&hellip;]","og_url":"https:\/\/lepestacledemaelou.com\/blog\/mobilier-et-literie-bebe-kadolis\/","og_site_name":"Le Pestacle de Ma\u00eblou - blog","article_publisher":"https:\/\/www.facebook.com\/lepestacledemaelou","article_published_time":"2025-05-10T14:38:28+00:00","article_modified_time":"2025-10-17T16:12:09+00:00","og_image":[{"width":1080,"height":1080,"url":"https:\/\/lepestacledemaelou.com\/blog\/wp-content\/uploads\/2025\/05\/post-14-1.png","type":"image\/png"}],"author":"S\u00e9l\u00e8ne","twitter_card":"summary_large_image","twitter_creator":"@PestacleMaelou","twitter_site":"@PestacleMaelou","twitter_misc":{"\u00c9crit par":"S\u00e9l\u00e8ne","Dur\u00e9e de lecture estim\u00e9e":"3 minutes"},"schema":{"@context":"https:\/\/schema.org","@graph":[{"@type":"Article","@id":"https:\/\/lepestacledemaelou.com\/blog\/mobilier-et-literie-bebe-kadolis\/#article","isPartOf":{"@id":"https:\/\/lepestacledemaelou.com\/blog\/mobilier-et-literie-bebe-kadolis\/"},"author":{"name":"S\u00e9l\u00e8ne","@id":"https:\/\/lepestacledemaelou.com\/blog\/#\/schema\/person\/0e5981ea5463bde594755a913531a806"},"headline":"Mobilier et literie b\u00e9b\u00e9 Kadolis","datePublished":"2025-05-10T14:38:28+00:00","dateModified":"2025-10-17T16:12:09+00:00","mainEntityOfPage":{"@id":"https:\/\/lepestacledemaelou.com\/blog\/mobilier-et-literie-bebe-kadolis\/"},"wordCount":669,"publisher":{"@id":"https:\/\/lepestacledemaelou.com\/blog\/#organization"},"articleSection":["Coups de coeur","Nouveaut\u00e9s"],"inLanguage":"fr-FR"},{"@type":"WebPage","@id":"https:\/\/lepestacledemaelou.com\/blog\/mobilier-et-literie-bebe-kadolis\/","url":"https:\/\/lepestacledemaelou.com\/blog\/mobilier-et-literie-bebe-kadolis\/","name":"Mobilier et literie b\u00e9b\u00e9 Kadolis - Le Pestacle de Ma\u00eblou - blog","isPartOf":{"@id":"https:\/\/lepestacledemaelou.com\/blog\/#website"},"datePublished":"2025-05-10T14:38:28+00:00","dateModified":"2025-10-17T16:12:09+00:00","breadcrumb":{"@id":"https:\/\/lepestacledemaelou.com\/blog\/mobilier-et-literie-bebe-kadolis\/#breadcrumb"},"inLanguage":"fr-FR","potentialAction":[{"@type":"ReadAction","target":["https:\/\/lepestacledemaelou.com\/blog\/mobilier-et-literie-bebe-kadolis\/"]}]},{"@type":"BreadcrumbList","@id":"https:\/\/lepestacledemaelou.com\/blog\/mobilier-et-literie-bebe-kadolis\/#breadcrumb","itemListElement":[{"@type":"ListItem","position":1,"name":"Accueil","item":"https:\/\/lepestacledemaelou.com\/blog\/"},{"@type":"ListItem","position":2,"name":"Mobilier et literie b\u00e9b\u00e9 Kadolis"}]},{"@type":"WebSite","@id":"https:\/\/lepestacledemaelou.com\/blog\/#website","url":"https:\/\/lepestacledemaelou.com\/blog\/","name":"Le Pestacle de Ma\u00eblou - blog","description":"","publisher":{"@id":"https:\/\/lepestacledemaelou.com\/blog\/#organization"},"potentialAction":[{"@type":"SearchAction","target":{"@type":"EntryPoint","urlTemplate":"https:\/\/lepestacledemaelou.com\/blog\/?s={search_term_string}"},"query-input":"required name=search_term_string"}],"inLanguage":"fr-FR"},{"@type":"Organization","@id":"https:\/\/lepestacledemaelou.com\/blog\/#organization","name":"Le Pestacle de Maelou","url":"https:\/\/lepestacledemaelou.com\/blog\/","sameAs":["https:\/\/instagram.com\/lepestacledemaelou\/","https:\/\/www.facebook.com\/lepestacledemaelou","https:\/\/twitter.com\/PestacleMaelou"],"logo":{"@type":"ImageObject","inLanguage":"fr-FR","@id":"https:\/\/lepestacledemaelou.com\/blog\/#\/schema\/logo\/image\/","url":"https:\/\/lepestacledemaelou.com\/blog\/wp-content\/uploads\/2021\/08\/Logo-blog-maelou.svg","contentUrl":"https:\/\/lepestacledemaelou.com\/blog\/wp-content\/uploads\/2021\/08\/Logo-blog-maelou.svg","width":"1024","height":"1024","caption":"Le Pestacle de Maelou"},"image":{"@id":"https:\/\/lepestacledemaelou.com\/blog\/#\/schema\/logo\/image\/"}},{"@type":"Person","@id":"https:\/\/lepestacledemaelou.com\/blog\/#\/schema\/person\/0e5981ea5463bde594755a913531a806","name":"S\u00e9l\u00e8ne","image":{"@type":"ImageObject","inLanguage":"fr-FR","@id":"https:\/\/lepestacledemaelou.com\/blog\/#\/schema\/person\/image\/","url":"https:\/\/secure.gravatar.com\/avatar\/f14f2657c8955250bb3f16715ea150b3?s=96&d=mm&r=g","contentUrl":"https:\/\/secure.gravatar.com\/avatar\/f14f2657c8955250bb3f16715ea150b3?s=96&d=mm&r=g","caption":"S\u00e9l\u00e8ne"},"sameAs":["https:\/\/lepestacledemaelou.com"]}]}},"_links":{"self":[{"href":"https:\/\/lepestacledemaelou.com\/blog\/wp-json\/wp\/v2\/posts\/1759"}],"collection":[{"href":"https:\/\/lepestacledemaelou.com\/blog\/wp-json\/wp\/v2\/posts"}],"about":[{"href":"https:\/\/lepestacledemaelou.com\/blog\/wp-json\/wp\/v2\/types\/post"}],"author":[{"embeddable":true,"href":"https:\/\/lepestacledemaelou.com\/blog\/wp-json\/wp\/v2\/users\/2"}],"replies":[{"embeddable":true,"href":"https:\/\/lepestacledemaelou.com\/blog\/wp-json\/wp\/v2\/comments?post=1759"}],"version-history":[{"count":14,"href":"https:\/\/lepestacledemaelou.com\/blog\/wp-json\/wp\/v2\/posts\/1759\/revisions"}],"predecessor-version":[{"id":1780,"href":"https:\/\/lepestacledemaelou.com\/blog\/wp-json\/wp\/v2\/posts\/1759\/revisions\/1780"}],"wp:featuredmedia":[{"embeddable":true,"href":"https:\/\/lepestacledemaelou.com\/blog\/wp-json\/wp\/v2\/media\/1767"}],"wp:attachment":[{"href":"https:\/\/lepestacledemaelou.com\/blog\/wp-json\/wp\/v2\/media?parent=1759"}],"wp:term":[{"taxonomy":"category","embeddable":true,"href":"https:\/\/lepestacledemaelou.com\/blog\/wp-json\/wp\/v2\/categories?post=1759"},{"taxonomy":"post_tag","embeddable":true,"href":"https:\/\/lepestacledemaelou.com\/blog\/wp-json\/wp\/v2\/tags?post=1759"}],"curies":[{"name":"wp","href":"https:\/\/api.w.org\/{rel}","templated":true}]}}