{"id":808,"date":"2015-11-11T18:08:39","date_gmt":"2015-11-11T17:08:39","guid":{"rendered":"https:\/\/lepestacledemaelou.com\/blog\/?p=808"},"modified":"2021-07-29T13:40:02","modified_gmt":"2021-07-29T11:40:02","slug":"le-pestacle-de-maelou-passe-a-la-tele","status":"publish","type":"post","link":"https:\/\/lepestacledemaelou.com\/blog\/le-pestacle-de-maelou-passe-a-la-tele\/","title":{"rendered":"Le Pestacle de Ma\u00eblou passe \u00e0 la t\u00e9l\u00e9 !"},"content":{"rendered":"<p>A vos t\u00e9l\u00e9commandes\u00a0! Ce soir, Le Pestacle de Ma\u00eblou sera en primetime sur France 5 dans l\u2019excellente \u00e9mission <strong>La Maison France 5<\/strong>. D\u00e9but de l\u2019\u00e9mission\u00a0: 20h40. Soyez nombreux devant le poste\u00a0!<\/p>\n<p style=\"text-align: center;\"><img decoding=\"async\" title=\"La Maison France 5\" src=\"images\/stories\/logo maison france 5.png\" alt=\"\" \/>Dans la rubrique consacr\u00e9e aux rangements pour chambre d\u2019enfants, Christine mettra en lumi\u00e8re tous nos (et sans doute vos futurs) coups de c\u0153ur. Merci beaucoup \u00e0 la journaliste de LMF5, Cl\u00e9mence et \u00e0 son \u00e9quipe pour leur grande patience et leur gentillesse car le m\u00e9tier de pr\u00e9sentateur ne s\u2019improvise pas et Christine a d\u00fb rassembler tout son courage pour parler devant la cam\u00e9ra. Vous nous direz ce que vous pensez de sa \u00ab\u00a0performance\u00a0\u00bb.<\/p>\n<p>Dans l\u2019\u00e9mission, vous reconnaitrez notre boutique, en plein c\u0153ur des Batignolles. Nous esp\u00e9rons que vous aimerez ce que vous verrez\u2026<\/p>\n<p>Vous souhaitez plus d\u2019informations sur les produits\u00a0? Nous sommes l\u00e0. Poussez la porte de notre boutique et vous serez accueillis avec le sourire et pleins de conseils si besoin.<\/p>\n<p>A tr\u00e8s vite\u00a0!<\/p>\n","protected":false},"excerpt":{"rendered":"<p>A vos t\u00e9l\u00e9commandes\u00a0! Ce soir, Le Pestacle de Ma\u00eblou sera en primetime sur France 5 dans l\u2019excellente \u00e9mission La Maison France 5. D\u00e9but de l\u2019\u00e9mission\u00a0: 20h40. Soyez nombreux devant le poste\u00a0! Dans la rubrique consacr\u00e9e aux rangements pour chambre d\u2019enfants, Christine mettra en lumi\u00e8re tous nos (et sans doute vos futurs) coups de c\u0153ur. Merci [&hellip;]<\/p>\n","protected":false},"author":4,"featured_media":809,"comment_status":"closed","ping_status":"closed","sticky":false,"template":"","format":"standard","meta":{"inline_featured_image":false},"categories":[5],"tags":[],"yoast_head":"<!-- This site is optimized with the Yoast SEO plugin v19.8 - https:\/\/yoast.com\/wordpress\/plugins\/seo\/ -->\n<title>Le Pestacle de Ma\u00eblou passe \u00e0 la t\u00e9l\u00e9 ! - Le Pestacle de Ma\u00eblou - blog<\/title>\n<meta name=\"robots\" content=\"index, follow, max-snippet:-1, max-image-preview:large, max-video-preview:-1\" \/>\n<link rel=\"canonical\" href=\"https:\/\/lepestacledemaelou.com\/blog\/le-pestacle-de-maelou-passe-a-la-tele\/\" \/>\n<meta property=\"og:locale\" content=\"fr_FR\" \/>\n<meta property=\"og:type\" content=\"article\" \/>\n<meta property=\"og:title\" content=\"Le Pestacle de Ma\u00eblou passe \u00e0 la t\u00e9l\u00e9 ! - Le Pestacle de Ma\u00eblou - blog\" \/>\n<meta property=\"og:description\" content=\"A vos t\u00e9l\u00e9commandes\u00a0! Ce soir, Le Pestacle de Ma\u00eblou sera en primetime sur France 5 dans l\u2019excellente \u00e9mission La Maison France 5. D\u00e9but de l\u2019\u00e9mission\u00a0: 20h40. Soyez nombreux devant le poste\u00a0! Dans la rubrique consacr\u00e9e aux rangements pour chambre d\u2019enfants, Christine mettra en lumi\u00e8re tous nos (et sans doute vos futurs) coups de c\u0153ur. Merci [&hellip;]\" \/>\n<meta property=\"og:url\" content=\"https:\/\/lepestacledemaelou.com\/blog\/le-pestacle-de-maelou-passe-a-la-tele\/\" \/>\n<meta property=\"og:site_name\" content=\"Le Pestacle de Ma\u00eblou - blog\" \/>\n<meta property=\"article:publisher\" content=\"https:\/\/www.facebook.com\/lepestacledemaelou\" \/>\n<meta property=\"article:published_time\" content=\"2015-11-11T17:08:39+00:00\" \/>\n<meta property=\"article:modified_time\" content=\"2021-07-29T11:40:02+00:00\" \/>\n<meta property=\"og:image\" content=\"https:\/\/lepestacledemaelou.com\/blog\/wp-content\/uploads\/2021\/07\/admincrop_171.jpeg\" \/>\n\t<meta property=\"og:image:width\" content=\"400\" \/>\n\t<meta property=\"og:image:height\" content=\"509\" \/>\n\t<meta property=\"og:image:type\" content=\"image\/jpeg\" \/>\n<meta name=\"author\" content=\"Valentine\" \/>\n<meta name=\"twitter:card\" content=\"summary_large_image\" \/>\n<meta name=\"twitter:creator\" content=\"@PestacleMaelou\" \/>\n<meta name=\"twitter:site\" content=\"@PestacleMaelou\" \/>\n<meta name=\"twitter:label1\" content=\"\u00c9crit par\" \/>\n\t<meta name=\"twitter:data1\" content=\"Valentine\" \/>\n\t<meta name=\"twitter:label2\" content=\"Dur\u00e9e de lecture estim\u00e9e\" \/>\n\t<meta name=\"twitter:data2\" content=\"1 minute\" \/>\n<script type=\"application\/ld+json\" class=\"yoast-schema-graph\">{\"@context\":\"https:\/\/schema.org\",\"@graph\":[{\"@type\":\"Article\",\"@id\":\"https:\/\/lepestacledemaelou.com\/blog\/le-pestacle-de-maelou-passe-a-la-tele\/#article\",\"isPartOf\":{\"@id\":\"https:\/\/lepestacledemaelou.com\/blog\/le-pestacle-de-maelou-passe-a-la-tele\/\"},\"author\":{\"name\":\"Valentine\",\"@id\":\"https:\/\/lepestacledemaelou.com\/blog\/#\/schema\/person\/264b73dcd9df0a0c2c5236d386b2ed8a\"},\"headline\":\"Le Pestacle de Ma\u00eblou passe \u00e0 la t\u00e9l\u00e9 !\",\"datePublished\":\"2015-11-11T17:08:39+00:00\",\"dateModified\":\"2021-07-29T11:40:02+00:00\",\"mainEntityOfPage\":{\"@id\":\"https:\/\/lepestacledemaelou.com\/blog\/le-pestacle-de-maelou-passe-a-la-tele\/\"},\"wordCount\":181,\"publisher\":{\"@id\":\"https:\/\/lepestacledemaelou.com\/blog\/#organization\"},\"articleSection\":[\"Nouveaut\u00e9s\"],\"inLanguage\":\"fr-FR\"},{\"@type\":\"WebPage\",\"@id\":\"https:\/\/lepestacledemaelou.com\/blog\/le-pestacle-de-maelou-passe-a-la-tele\/\",\"url\":\"https:\/\/lepestacledemaelou.com\/blog\/le-pestacle-de-maelou-passe-a-la-tele\/\",\"name\":\"Le Pestacle de Ma\u00eblou passe \u00e0 la t\u00e9l\u00e9 ! - Le Pestacle de Ma\u00eblou - blog\",\"isPartOf\":{\"@id\":\"https:\/\/lepestacledemaelou.com\/blog\/#website\"},\"datePublished\":\"2015-11-11T17:08:39+00:00\",\"dateModified\":\"2021-07-29T11:40:02+00:00\",\"breadcrumb\":{\"@id\":\"https:\/\/lepestacledemaelou.com\/blog\/le-pestacle-de-maelou-passe-a-la-tele\/#breadcrumb\"},\"inLanguage\":\"fr-FR\",\"potentialAction\":[{\"@type\":\"ReadAction\",\"target\":[\"https:\/\/lepestacledemaelou.com\/blog\/le-pestacle-de-maelou-passe-a-la-tele\/\"]}]},{\"@type\":\"BreadcrumbList\",\"@id\":\"https:\/\/lepestacledemaelou.com\/blog\/le-pestacle-de-maelou-passe-a-la-tele\/#breadcrumb\",\"itemListElement\":[{\"@type\":\"ListItem\",\"position\":1,\"name\":\"Accueil\",\"item\":\"https:\/\/lepestacledemaelou.com\/blog\/\"},{\"@type\":\"ListItem\",\"position\":2,\"name\":\"Le Pestacle de Ma\u00eblou passe \u00e0 la t\u00e9l\u00e9 !\"}]},{\"@type\":\"WebSite\",\"@id\":\"https:\/\/lepestacledemaelou.com\/blog\/#website\",\"url\":\"https:\/\/lepestacledemaelou.com\/blog\/\",\"name\":\"Le Pestacle de Ma\u00eblou - blog\",\"description\":\"\",\"publisher\":{\"@id\":\"https:\/\/lepestacledemaelou.com\/blog\/#organization\"},\"potentialAction\":[{\"@type\":\"SearchAction\",\"target\":{\"@type\":\"EntryPoint\",\"urlTemplate\":\"https:\/\/lepestacledemaelou.com\/blog\/?s={search_term_string}\"},\"query-input\":\"required name=search_term_string\"}],\"inLanguage\":\"fr-FR\"},{\"@type\":\"Organization\",\"@id\":\"https:\/\/lepestacledemaelou.com\/blog\/#organization\",\"name\":\"Le Pestacle de Maelou\",\"url\":\"https:\/\/lepestacledemaelou.com\/blog\/\",\"sameAs\":[\"https:\/\/instagram.com\/lepestacledemaelou\/\",\"https:\/\/www.facebook.com\/lepestacledemaelou\",\"https:\/\/twitter.com\/PestacleMaelou\"],\"logo\":{\"@type\":\"ImageObject\",\"inLanguage\":\"fr-FR\",\"@id\":\"https:\/\/lepestacledemaelou.com\/blog\/#\/schema\/logo\/image\/\",\"url\":\"https:\/\/lepestacledemaelou.com\/blog\/wp-content\/uploads\/2021\/08\/Logo-blog-maelou.svg\",\"contentUrl\":\"https:\/\/lepestacledemaelou.com\/blog\/wp-content\/uploads\/2021\/08\/Logo-blog-maelou.svg\",\"width\":\"1024\",\"height\":\"1024\",\"caption\":\"Le Pestacle de Maelou\"},\"image\":{\"@id\":\"https:\/\/lepestacledemaelou.com\/blog\/#\/schema\/logo\/image\/\"}},{\"@type\":\"Person\",\"@id\":\"https:\/\/lepestacledemaelou.com\/blog\/#\/schema\/person\/264b73dcd9df0a0c2c5236d386b2ed8a\",\"name\":\"Valentine\",\"image\":{\"@type\":\"ImageObject\",\"inLanguage\":\"fr-FR\",\"@id\":\"https:\/\/lepestacledemaelou.com\/blog\/#\/schema\/person\/image\/\",\"url\":\"https:\/\/secure.gravatar.com\/avatar\/1e7ba5ac240c8871fca42389c1b95f82?s=96&d=mm&r=g\",\"contentUrl\":\"https:\/\/secure.gravatar.com\/avatar\/1e7ba5ac240c8871fca42389c1b95f82?s=96&d=mm&r=g\",\"caption\":\"Valentine\"}}]}<\/script>\n<!-- \/ Yoast SEO plugin. -->","yoast_head_json":{"title":"Le Pestacle de Ma\u00eblou passe \u00e0 la t\u00e9l\u00e9 ! - Le Pestacle de Ma\u00eblou - blog","robots":{"index":"index","follow":"follow","max-snippet":"max-snippet:-1","max-image-preview":"max-image-preview:large","max-video-preview":"max-video-preview:-1"},"canonical":"https:\/\/lepestacledemaelou.com\/blog\/le-pestacle-de-maelou-passe-a-la-tele\/","og_locale":"fr_FR","og_type":"article","og_title":"Le Pestacle de Ma\u00eblou passe \u00e0 la t\u00e9l\u00e9 ! - Le Pestacle de Ma\u00eblou - blog","og_description":"A vos t\u00e9l\u00e9commandes\u00a0! Ce soir, Le Pestacle de Ma\u00eblou sera en primetime sur France 5 dans l\u2019excellente \u00e9mission La Maison France 5. D\u00e9but de l\u2019\u00e9mission\u00a0: 20h40. Soyez nombreux devant le poste\u00a0! Dans la rubrique consacr\u00e9e aux rangements pour chambre d\u2019enfants, Christine mettra en lumi\u00e8re tous nos (et sans doute vos futurs) coups de c\u0153ur. Merci [&hellip;]","og_url":"https:\/\/lepestacledemaelou.com\/blog\/le-pestacle-de-maelou-passe-a-la-tele\/","og_site_name":"Le Pestacle de Ma\u00eblou - blog","article_publisher":"https:\/\/www.facebook.com\/lepestacledemaelou","article_published_time":"2015-11-11T17:08:39+00:00","article_modified_time":"2021-07-29T11:40:02+00:00","og_image":[{"width":400,"height":509,"url":"https:\/\/lepestacledemaelou.com\/blog\/wp-content\/uploads\/2021\/07\/admincrop_171.jpeg","type":"image\/jpeg"}],"author":"Valentine","twitter_card":"summary_large_image","twitter_creator":"@PestacleMaelou","twitter_site":"@PestacleMaelou","twitter_misc":{"\u00c9crit par":"Valentine","Dur\u00e9e de lecture estim\u00e9e":"1 minute"},"schema":{"@context":"https:\/\/schema.org","@graph":[{"@type":"Article","@id":"https:\/\/lepestacledemaelou.com\/blog\/le-pestacle-de-maelou-passe-a-la-tele\/#article","isPartOf":{"@id":"https:\/\/lepestacledemaelou.com\/blog\/le-pestacle-de-maelou-passe-a-la-tele\/"},"author":{"name":"Valentine","@id":"https:\/\/lepestacledemaelou.com\/blog\/#\/schema\/person\/264b73dcd9df0a0c2c5236d386b2ed8a"},"headline":"Le Pestacle de Ma\u00eblou passe \u00e0 la t\u00e9l\u00e9 !","datePublished":"2015-11-11T17:08:39+00:00","dateModified":"2021-07-29T11:40:02+00:00","mainEntityOfPage":{"@id":"https:\/\/lepestacledemaelou.com\/blog\/le-pestacle-de-maelou-passe-a-la-tele\/"},"wordCount":181,"publisher":{"@id":"https:\/\/lepestacledemaelou.com\/blog\/#organization"},"articleSection":["Nouveaut\u00e9s"],"inLanguage":"fr-FR"},{"@type":"WebPage","@id":"https:\/\/lepestacledemaelou.com\/blog\/le-pestacle-de-maelou-passe-a-la-tele\/","url":"https:\/\/lepestacledemaelou.com\/blog\/le-pestacle-de-maelou-passe-a-la-tele\/","name":"Le Pestacle de Ma\u00eblou passe \u00e0 la t\u00e9l\u00e9 ! - Le Pestacle de Ma\u00eblou - blog","isPartOf":{"@id":"https:\/\/lepestacledemaelou.com\/blog\/#website"},"datePublished":"2015-11-11T17:08:39+00:00","dateModified":"2021-07-29T11:40:02+00:00","breadcrumb":{"@id":"https:\/\/lepestacledemaelou.com\/blog\/le-pestacle-de-maelou-passe-a-la-tele\/#breadcrumb"},"inLanguage":"fr-FR","potentialAction":[{"@type":"ReadAction","target":["https:\/\/lepestacledemaelou.com\/blog\/le-pestacle-de-maelou-passe-a-la-tele\/"]}]},{"@type":"BreadcrumbList","@id":"https:\/\/lepestacledemaelou.com\/blog\/le-pestacle-de-maelou-passe-a-la-tele\/#breadcrumb","itemListElement":[{"@type":"ListItem","position":1,"name":"Accueil","item":"https:\/\/lepestacledemaelou.com\/blog\/"},{"@type":"ListItem","position":2,"name":"Le Pestacle de Ma\u00eblou passe \u00e0 la t\u00e9l\u00e9 !"}]},{"@type":"WebSite","@id":"https:\/\/lepestacledemaelou.com\/blog\/#website","url":"https:\/\/lepestacledemaelou.com\/blog\/","name":"Le Pestacle de Ma\u00eblou - blog","description":"","publisher":{"@id":"https:\/\/lepestacledemaelou.com\/blog\/#organization"},"potentialAction":[{"@type":"SearchAction","target":{"@type":"EntryPoint","urlTemplate":"https:\/\/lepestacledemaelou.com\/blog\/?s={search_term_string}"},"query-input":"required name=search_term_string"}],"inLanguage":"fr-FR"},{"@type":"Organization","@id":"https:\/\/lepestacledemaelou.com\/blog\/#organization","name":"Le Pestacle de Maelou","url":"https:\/\/lepestacledemaelou.com\/blog\/","sameAs":["https:\/\/instagram.com\/lepestacledemaelou\/","https:\/\/www.facebook.com\/lepestacledemaelou","https:\/\/twitter.com\/PestacleMaelou"],"logo":{"@type":"ImageObject","inLanguage":"fr-FR","@id":"https:\/\/lepestacledemaelou.com\/blog\/#\/schema\/logo\/image\/","url":"https:\/\/lepestacledemaelou.com\/blog\/wp-content\/uploads\/2021\/08\/Logo-blog-maelou.svg","contentUrl":"https:\/\/lepestacledemaelou.com\/blog\/wp-content\/uploads\/2021\/08\/Logo-blog-maelou.svg","width":"1024","height":"1024","caption":"Le Pestacle de Maelou"},"image":{"@id":"https:\/\/lepestacledemaelou.com\/blog\/#\/schema\/logo\/image\/"}},{"@type":"Person","@id":"https:\/\/lepestacledemaelou.com\/blog\/#\/schema\/person\/264b73dcd9df0a0c2c5236d386b2ed8a","name":"Valentine","image":{"@type":"ImageObject","inLanguage":"fr-FR","@id":"https:\/\/lepestacledemaelou.com\/blog\/#\/schema\/person\/image\/","url":"https:\/\/secure.gravatar.com\/avatar\/1e7ba5ac240c8871fca42389c1b95f82?s=96&d=mm&r=g","contentUrl":"https:\/\/secure.gravatar.com\/avatar\/1e7ba5ac240c8871fca42389c1b95f82?s=96&d=mm&r=g","caption":"Valentine"}}]}},"_links":{"self":[{"href":"https:\/\/lepestacledemaelou.com\/blog\/wp-json\/wp\/v2\/posts\/808"}],"collection":[{"href":"https:\/\/lepestacledemaelou.com\/blog\/wp-json\/wp\/v2\/posts"}],"about":[{"href":"https:\/\/lepestacledemaelou.com\/blog\/wp-json\/wp\/v2\/types\/post"}],"author":[{"embeddable":true,"href":"https:\/\/lepestacledemaelou.com\/blog\/wp-json\/wp\/v2\/users\/4"}],"replies":[{"embeddable":true,"href":"https:\/\/lepestacledemaelou.com\/blog\/wp-json\/wp\/v2\/comments?post=808"}],"version-history":[{"count":2,"href":"https:\/\/lepestacledemaelou.com\/blog\/wp-json\/wp\/v2\/posts\/808\/revisions"}],"predecessor-version":[{"id":928,"href":"https:\/\/lepestacledemaelou.com\/blog\/wp-json\/wp\/v2\/posts\/808\/revisions\/928"}],"wp:featuredmedia":[{"embeddable":true,"href":"https:\/\/lepestacledemaelou.com\/blog\/wp-json\/wp\/v2\/media\/809"}],"wp:attachment":[{"href":"https:\/\/lepestacledemaelou.com\/blog\/wp-json\/wp\/v2\/media?parent=808"}],"wp:term":[{"taxonomy":"category","embeddable":true,"href":"https:\/\/lepestacledemaelou.com\/blog\/wp-json\/wp\/v2\/categories?post=808"},{"taxonomy":"post_tag","embeddable":true,"href":"https:\/\/lepestacledemaelou.com\/blog\/wp-json\/wp\/v2\/tags?post=808"}],"curies":[{"name":"wp","href":"https:\/\/api.w.org\/{rel}","templated":true}]}}