{"id":846,"date":"2015-08-01T18:27:25","date_gmt":"2015-08-01T16:27:25","guid":{"rendered":"https:\/\/lepestacledemaelou.com\/blog\/?p=846"},"modified":"2021-07-28T18:28:35","modified_gmt":"2021-07-28T16:28:35","slug":"fermeture-estivale-2015","status":"publish","type":"post","link":"https:\/\/lepestacledemaelou.com\/blog\/fermeture-estivale-2015\/","title":{"rendered":"Fermeture estivale 2015"},"content":{"rendered":"<p>Vacances d&rsquo;\u00e9t\u00e9 2015&#8230;<\/p>\n<p>Le Pestacle de Ma\u00eblou est en vacances du 2 au 16 Ao\u00fbt 2015.<\/p>\n<p>Vous pouvez continuer \u00e0 passer vos commandes sur notre e-shop durant cette p\u00e9riode. Les exp\u00e9ditions de vos colis reprendront d\u00e8s le 17 ao\u00fbt.<\/p>\n<div class=\"text_exposed_show\">\n<p>Pour toute demande urgente, vous pouvez nous contacter par mail : contact@lepestacledemaelou.com.<\/p>\n<p style=\"text-align: center;\">\n<p style=\"text-align: center;\"><strong>BONNES VACANCES !<\/strong><\/p>\n<\/div>\n<p>&nbsp;<\/p>\n","protected":false},"excerpt":{"rendered":"<p>Vacances d&rsquo;\u00e9t\u00e9 2015&#8230; Le Pestacle de Ma\u00eblou est en vacances du 2 au 16 Ao\u00fbt 2015. Vous pouvez continuer \u00e0 passer vos commandes sur notre e-shop durant cette p\u00e9riode. Les exp\u00e9ditions de vos colis reprendront d\u00e8s le 17 ao\u00fbt. Pour toute demande urgente, vous pouvez nous contacter par mail : contact@lepestacledemaelou.com. BONNES VACANCES ! &nbsp;<\/p>\n","protected":false},"author":4,"featured_media":847,"comment_status":"closed","ping_status":"closed","sticky":false,"template":"","format":"standard","meta":{"inline_featured_image":false},"categories":[14],"tags":[],"yoast_head":"<!-- This site is optimized with the Yoast SEO plugin v19.8 - https:\/\/yoast.com\/wordpress\/plugins\/seo\/ -->\n<title>Fermeture estivale 2015 - Le Pestacle de Ma\u00eblou - blog<\/title>\n<meta name=\"robots\" content=\"index, follow, max-snippet:-1, max-image-preview:large, max-video-preview:-1\" \/>\n<link rel=\"canonical\" href=\"https:\/\/lepestacledemaelou.com\/blog\/fermeture-estivale-2015\/\" \/>\n<meta property=\"og:locale\" content=\"fr_FR\" \/>\n<meta property=\"og:type\" content=\"article\" \/>\n<meta property=\"og:title\" content=\"Fermeture estivale 2015 - Le Pestacle de Ma\u00eblou - blog\" \/>\n<meta property=\"og:description\" content=\"Vacances d&rsquo;\u00e9t\u00e9 2015&#8230; Le Pestacle de Ma\u00eblou est en vacances du 2 au 16 Ao\u00fbt 2015. Vous pouvez continuer \u00e0 passer vos commandes sur notre e-shop durant cette p\u00e9riode. Les exp\u00e9ditions de vos colis reprendront d\u00e8s le 17 ao\u00fbt. Pour toute demande urgente, vous pouvez nous contacter par mail : contact@lepestacledemaelou.com. BONNES VACANCES ! &nbsp;\" \/>\n<meta property=\"og:url\" content=\"https:\/\/lepestacledemaelou.com\/blog\/fermeture-estivale-2015\/\" \/>\n<meta property=\"og:site_name\" content=\"Le Pestacle de Ma\u00eblou - blog\" \/>\n<meta property=\"article:publisher\" content=\"https:\/\/www.facebook.com\/lepestacledemaelou\" \/>\n<meta property=\"article:published_time\" content=\"2015-08-01T16:27:25+00:00\" \/>\n<meta property=\"article:modified_time\" content=\"2021-07-28T16:28:35+00:00\" \/>\n<meta property=\"og:image\" content=\"https:\/\/lepestacledemaelou.com\/blog\/wp-content\/uploads\/2021\/07\/admincrop_25.jpeg\" \/>\n\t<meta property=\"og:image:width\" content=\"400\" \/>\n\t<meta property=\"og:image:height\" content=\"496\" \/>\n\t<meta property=\"og:image:type\" content=\"image\/jpeg\" \/>\n<meta name=\"author\" content=\"Valentine\" \/>\n<meta name=\"twitter:card\" content=\"summary_large_image\" \/>\n<meta name=\"twitter:creator\" content=\"@PestacleMaelou\" \/>\n<meta name=\"twitter:site\" content=\"@PestacleMaelou\" \/>\n<meta name=\"twitter:label1\" content=\"\u00c9crit par\" \/>\n\t<meta name=\"twitter:data1\" content=\"Valentine\" \/>\n<script type=\"application\/ld+json\" class=\"yoast-schema-graph\">{\"@context\":\"https:\/\/schema.org\",\"@graph\":[{\"@type\":\"Article\",\"@id\":\"https:\/\/lepestacledemaelou.com\/blog\/fermeture-estivale-2015\/#article\",\"isPartOf\":{\"@id\":\"https:\/\/lepestacledemaelou.com\/blog\/fermeture-estivale-2015\/\"},\"author\":{\"name\":\"Valentine\",\"@id\":\"https:\/\/lepestacledemaelou.com\/blog\/#\/schema\/person\/264b73dcd9df0a0c2c5236d386b2ed8a\"},\"headline\":\"Fermeture estivale 2015\",\"datePublished\":\"2015-08-01T16:27:25+00:00\",\"dateModified\":\"2021-07-28T16:28:35+00:00\",\"mainEntityOfPage\":{\"@id\":\"https:\/\/lepestacledemaelou.com\/blog\/fermeture-estivale-2015\/\"},\"wordCount\":58,\"publisher\":{\"@id\":\"https:\/\/lepestacledemaelou.com\/blog\/#organization\"},\"articleSection\":[\"Actualit\u00e9s\"],\"inLanguage\":\"fr-FR\"},{\"@type\":\"WebPage\",\"@id\":\"https:\/\/lepestacledemaelou.com\/blog\/fermeture-estivale-2015\/\",\"url\":\"https:\/\/lepestacledemaelou.com\/blog\/fermeture-estivale-2015\/\",\"name\":\"Fermeture estivale 2015 - Le Pestacle de Ma\u00eblou - blog\",\"isPartOf\":{\"@id\":\"https:\/\/lepestacledemaelou.com\/blog\/#website\"},\"datePublished\":\"2015-08-01T16:27:25+00:00\",\"dateModified\":\"2021-07-28T16:28:35+00:00\",\"breadcrumb\":{\"@id\":\"https:\/\/lepestacledemaelou.com\/blog\/fermeture-estivale-2015\/#breadcrumb\"},\"inLanguage\":\"fr-FR\",\"potentialAction\":[{\"@type\":\"ReadAction\",\"target\":[\"https:\/\/lepestacledemaelou.com\/blog\/fermeture-estivale-2015\/\"]}]},{\"@type\":\"BreadcrumbList\",\"@id\":\"https:\/\/lepestacledemaelou.com\/blog\/fermeture-estivale-2015\/#breadcrumb\",\"itemListElement\":[{\"@type\":\"ListItem\",\"position\":1,\"name\":\"Accueil\",\"item\":\"https:\/\/lepestacledemaelou.com\/blog\/\"},{\"@type\":\"ListItem\",\"position\":2,\"name\":\"Fermeture estivale 2015\"}]},{\"@type\":\"WebSite\",\"@id\":\"https:\/\/lepestacledemaelou.com\/blog\/#website\",\"url\":\"https:\/\/lepestacledemaelou.com\/blog\/\",\"name\":\"Le Pestacle de Ma\u00eblou - blog\",\"description\":\"\",\"publisher\":{\"@id\":\"https:\/\/lepestacledemaelou.com\/blog\/#organization\"},\"potentialAction\":[{\"@type\":\"SearchAction\",\"target\":{\"@type\":\"EntryPoint\",\"urlTemplate\":\"https:\/\/lepestacledemaelou.com\/blog\/?s={search_term_string}\"},\"query-input\":\"required name=search_term_string\"}],\"inLanguage\":\"fr-FR\"},{\"@type\":\"Organization\",\"@id\":\"https:\/\/lepestacledemaelou.com\/blog\/#organization\",\"name\":\"Le Pestacle de Maelou\",\"url\":\"https:\/\/lepestacledemaelou.com\/blog\/\",\"sameAs\":[\"https:\/\/instagram.com\/lepestacledemaelou\/\",\"https:\/\/www.facebook.com\/lepestacledemaelou\",\"https:\/\/twitter.com\/PestacleMaelou\"],\"logo\":{\"@type\":\"ImageObject\",\"inLanguage\":\"fr-FR\",\"@id\":\"https:\/\/lepestacledemaelou.com\/blog\/#\/schema\/logo\/image\/\",\"url\":\"https:\/\/lepestacledemaelou.com\/blog\/wp-content\/uploads\/2021\/08\/Logo-blog-maelou.svg\",\"contentUrl\":\"https:\/\/lepestacledemaelou.com\/blog\/wp-content\/uploads\/2021\/08\/Logo-blog-maelou.svg\",\"width\":\"1024\",\"height\":\"1024\",\"caption\":\"Le Pestacle de Maelou\"},\"image\":{\"@id\":\"https:\/\/lepestacledemaelou.com\/blog\/#\/schema\/logo\/image\/\"}},{\"@type\":\"Person\",\"@id\":\"https:\/\/lepestacledemaelou.com\/blog\/#\/schema\/person\/264b73dcd9df0a0c2c5236d386b2ed8a\",\"name\":\"Valentine\",\"image\":{\"@type\":\"ImageObject\",\"inLanguage\":\"fr-FR\",\"@id\":\"https:\/\/lepestacledemaelou.com\/blog\/#\/schema\/person\/image\/\",\"url\":\"https:\/\/secure.gravatar.com\/avatar\/1e7ba5ac240c8871fca42389c1b95f82?s=96&d=mm&r=g\",\"contentUrl\":\"https:\/\/secure.gravatar.com\/avatar\/1e7ba5ac240c8871fca42389c1b95f82?s=96&d=mm&r=g\",\"caption\":\"Valentine\"}}]}<\/script>\n<!-- \/ Yoast SEO plugin. -->","yoast_head_json":{"title":"Fermeture estivale 2015 - Le Pestacle de Ma\u00eblou - blog","robots":{"index":"index","follow":"follow","max-snippet":"max-snippet:-1","max-image-preview":"max-image-preview:large","max-video-preview":"max-video-preview:-1"},"canonical":"https:\/\/lepestacledemaelou.com\/blog\/fermeture-estivale-2015\/","og_locale":"fr_FR","og_type":"article","og_title":"Fermeture estivale 2015 - Le Pestacle de Ma\u00eblou - blog","og_description":"Vacances d&rsquo;\u00e9t\u00e9 2015&#8230; Le Pestacle de Ma\u00eblou est en vacances du 2 au 16 Ao\u00fbt 2015. Vous pouvez continuer \u00e0 passer vos commandes sur notre e-shop durant cette p\u00e9riode. Les exp\u00e9ditions de vos colis reprendront d\u00e8s le 17 ao\u00fbt. Pour toute demande urgente, vous pouvez nous contacter par mail : contact@lepestacledemaelou.com. BONNES VACANCES ! &nbsp;","og_url":"https:\/\/lepestacledemaelou.com\/blog\/fermeture-estivale-2015\/","og_site_name":"Le Pestacle de Ma\u00eblou - blog","article_publisher":"https:\/\/www.facebook.com\/lepestacledemaelou","article_published_time":"2015-08-01T16:27:25+00:00","article_modified_time":"2021-07-28T16:28:35+00:00","og_image":[{"width":400,"height":496,"url":"https:\/\/lepestacledemaelou.com\/blog\/wp-content\/uploads\/2021\/07\/admincrop_25.jpeg","type":"image\/jpeg"}],"author":"Valentine","twitter_card":"summary_large_image","twitter_creator":"@PestacleMaelou","twitter_site":"@PestacleMaelou","twitter_misc":{"\u00c9crit par":"Valentine"},"schema":{"@context":"https:\/\/schema.org","@graph":[{"@type":"Article","@id":"https:\/\/lepestacledemaelou.com\/blog\/fermeture-estivale-2015\/#article","isPartOf":{"@id":"https:\/\/lepestacledemaelou.com\/blog\/fermeture-estivale-2015\/"},"author":{"name":"Valentine","@id":"https:\/\/lepestacledemaelou.com\/blog\/#\/schema\/person\/264b73dcd9df0a0c2c5236d386b2ed8a"},"headline":"Fermeture estivale 2015","datePublished":"2015-08-01T16:27:25+00:00","dateModified":"2021-07-28T16:28:35+00:00","mainEntityOfPage":{"@id":"https:\/\/lepestacledemaelou.com\/blog\/fermeture-estivale-2015\/"},"wordCount":58,"publisher":{"@id":"https:\/\/lepestacledemaelou.com\/blog\/#organization"},"articleSection":["Actualit\u00e9s"],"inLanguage":"fr-FR"},{"@type":"WebPage","@id":"https:\/\/lepestacledemaelou.com\/blog\/fermeture-estivale-2015\/","url":"https:\/\/lepestacledemaelou.com\/blog\/fermeture-estivale-2015\/","name":"Fermeture estivale 2015 - Le Pestacle de Ma\u00eblou - blog","isPartOf":{"@id":"https:\/\/lepestacledemaelou.com\/blog\/#website"},"datePublished":"2015-08-01T16:27:25+00:00","dateModified":"2021-07-28T16:28:35+00:00","breadcrumb":{"@id":"https:\/\/lepestacledemaelou.com\/blog\/fermeture-estivale-2015\/#breadcrumb"},"inLanguage":"fr-FR","potentialAction":[{"@type":"ReadAction","target":["https:\/\/lepestacledemaelou.com\/blog\/fermeture-estivale-2015\/"]}]},{"@type":"BreadcrumbList","@id":"https:\/\/lepestacledemaelou.com\/blog\/fermeture-estivale-2015\/#breadcrumb","itemListElement":[{"@type":"ListItem","position":1,"name":"Accueil","item":"https:\/\/lepestacledemaelou.com\/blog\/"},{"@type":"ListItem","position":2,"name":"Fermeture estivale 2015"}]},{"@type":"WebSite","@id":"https:\/\/lepestacledemaelou.com\/blog\/#website","url":"https:\/\/lepestacledemaelou.com\/blog\/","name":"Le Pestacle de Ma\u00eblou - blog","description":"","publisher":{"@id":"https:\/\/lepestacledemaelou.com\/blog\/#organization"},"potentialAction":[{"@type":"SearchAction","target":{"@type":"EntryPoint","urlTemplate":"https:\/\/lepestacledemaelou.com\/blog\/?s={search_term_string}"},"query-input":"required name=search_term_string"}],"inLanguage":"fr-FR"},{"@type":"Organization","@id":"https:\/\/lepestacledemaelou.com\/blog\/#organization","name":"Le Pestacle de Maelou","url":"https:\/\/lepestacledemaelou.com\/blog\/","sameAs":["https:\/\/instagram.com\/lepestacledemaelou\/","https:\/\/www.facebook.com\/lepestacledemaelou","https:\/\/twitter.com\/PestacleMaelou"],"logo":{"@type":"ImageObject","inLanguage":"fr-FR","@id":"https:\/\/lepestacledemaelou.com\/blog\/#\/schema\/logo\/image\/","url":"https:\/\/lepestacledemaelou.com\/blog\/wp-content\/uploads\/2021\/08\/Logo-blog-maelou.svg","contentUrl":"https:\/\/lepestacledemaelou.com\/blog\/wp-content\/uploads\/2021\/08\/Logo-blog-maelou.svg","width":"1024","height":"1024","caption":"Le Pestacle de Maelou"},"image":{"@id":"https:\/\/lepestacledemaelou.com\/blog\/#\/schema\/logo\/image\/"}},{"@type":"Person","@id":"https:\/\/lepestacledemaelou.com\/blog\/#\/schema\/person\/264b73dcd9df0a0c2c5236d386b2ed8a","name":"Valentine","image":{"@type":"ImageObject","inLanguage":"fr-FR","@id":"https:\/\/lepestacledemaelou.com\/blog\/#\/schema\/person\/image\/","url":"https:\/\/secure.gravatar.com\/avatar\/1e7ba5ac240c8871fca42389c1b95f82?s=96&d=mm&r=g","contentUrl":"https:\/\/secure.gravatar.com\/avatar\/1e7ba5ac240c8871fca42389c1b95f82?s=96&d=mm&r=g","caption":"Valentine"}}]}},"_links":{"self":[{"href":"https:\/\/lepestacledemaelou.com\/blog\/wp-json\/wp\/v2\/posts\/846"}],"collection":[{"href":"https:\/\/lepestacledemaelou.com\/blog\/wp-json\/wp\/v2\/posts"}],"about":[{"href":"https:\/\/lepestacledemaelou.com\/blog\/wp-json\/wp\/v2\/types\/post"}],"author":[{"embeddable":true,"href":"https:\/\/lepestacledemaelou.com\/blog\/wp-json\/wp\/v2\/users\/4"}],"replies":[{"embeddable":true,"href":"https:\/\/lepestacledemaelou.com\/blog\/wp-json\/wp\/v2\/comments?post=846"}],"version-history":[{"count":1,"href":"https:\/\/lepestacledemaelou.com\/blog\/wp-json\/wp\/v2\/posts\/846\/revisions"}],"predecessor-version":[{"id":848,"href":"https:\/\/lepestacledemaelou.com\/blog\/wp-json\/wp\/v2\/posts\/846\/revisions\/848"}],"wp:featuredmedia":[{"embeddable":true,"href":"https:\/\/lepestacledemaelou.com\/blog\/wp-json\/wp\/v2\/media\/847"}],"wp:attachment":[{"href":"https:\/\/lepestacledemaelou.com\/blog\/wp-json\/wp\/v2\/media?parent=846"}],"wp:term":[{"taxonomy":"category","embeddable":true,"href":"https:\/\/lepestacledemaelou.com\/blog\/wp-json\/wp\/v2\/categories?post=846"},{"taxonomy":"post_tag","embeddable":true,"href":"https:\/\/lepestacledemaelou.com\/blog\/wp-json\/wp\/v2\/tags?post=846"}],"curies":[{"name":"wp","href":"https:\/\/api.w.org\/{rel}","templated":true}]}}